{"provider_url": "https://www.arcos.mg.leg.br", "title": "AVISO DE CANCELAMENTO DE REUNI\u00d5ES", "html": "<div class=\"view-page\">\r\n<div class=\"tinymce\">\r\n<p>Ficam canceladas as reuni\u00f5es extraordin\u00e1rias que seriam realizadas na data de hoje (30/10/23), respectivamente \u00e0s 16:00h, 16:20h e 16:40h, tendo em vista a falta de energia el\u00e9trica no pr\u00e9dio da C\u00e2mara Municipal de Arcos e em diversos pontos da cidade, sem previs\u00e3o de hor\u00e1rio para o total restabelecimento da energia el\u00e9trica.</p>\r\n<p>\u00a0 \u00a0 \u00a0 \u00a0 \u00a0 Sendo assim, ficam as reuni\u00f5es redesignadas para a data de 31 de outubro de 2023, \u00e0s 16:00h, 16:20h e 16:40h, respectivamente. Grato pela compreens\u00e3o de todos.</p>\r\n<p>C\u00e2mara Municipal de Arcos, 30 de outubro de 2023.</p>\r\n<p><span>ADEMAR AURELIANO DE MEDEIROS</span></p>\r\n<p><span>Vereador-Presidente</span></p>\r\n</div>\r\n</div>\r\n<div class=\"view-page-extras\">\r\n<h4 class=\"heading-macro\"><span class=\"fa fa-fw fa-paperclip\"></span>\u00a0<a title=\"\" href=\"https://www.arcos.mg.leg.br/publicacoes/anteriores/reunioes/aviso-de-cancelamento-de-reunioes-docx.docx\" class=\"internal-link\" target=\"_self\">ANEXOS</a></h4>\r\n</div>", "author_name": "edlaynecravo", "version": "1.0", "author_url": "https://www.arcos.mg.leg.br/author/edlaynecravo", "provider_name": "C\u00e2mara Municipal de Arcos", "type": "rich"}