{"provider_url": "https://www.arcos.mg.leg.br", "title": "Publica\u00e7\u00f5es 2024", "html": "<p>\u00a0</p>\r\n<table class=\"tablelicitacao\">\r\n<tbody>\r\n<tr><th>\r\n<h3>T\u00cdTULO</h3>\r\n</th><th>\r\n<h3>DATA DE PUBLICA\u00c7\u00c3O\u00a0</h3>\r\n</th></tr>\r\n<tr>\r\n<td>\r\n<h2 class=\"external-link\"></h2>\r\n<h2 align=\"center\" style=\"text-align: left; \"><a title=\"\" href=\"https://www.arcos.mg.leg.br/publicacoes/anteriores/reunioes-extraordinarias/anteriores/aviso-de-cancelamento-das-reunioes-extraordinarias-19-12-2024\" class=\"internal-link\" target=\"_self\"><b><span>AVISO DE CANCELAMENTO</span></b><span> </span><b><span>DAS</span></b><span> </span><b><span>REUNI\u00d5ES</span></b><span> </span><b><span>EXTRAORDIN\u00c1RIAS</span></b><span> </span><b><span>DE</span></b><span> </span><b><span>19/12/2024</span></b></a></h2>\r\n<h2 class=\"external-link\"></h2>\r\n</td>\r\n<td>\r\n<h2>18/12/2024</h2>\r\n</td>\r\n</tr>\r\n<tr>\r\n<td>\r\n<h2 class=\"documentFirstHeading\"></h2>\r\n<h2 class=\"external-link\"><a title=\"\" href=\"https://www.arcos.mg.leg.br/publicacoes/anteriores/reunioes-extraordinarias/edital-de-convocacao-reunioes-extraordinarias-19-12-2024-1\" class=\"external-link\" target=\"_self\">EDITAL DE CONVOCA\u00c7\u00c3O - REUNI\u00d5ES EXTRAORDIN\u00c1RIAS 19/12/2024</a></h2>\r\n<h2 class=\"documentFirstHeading\"></h2>\r\n</td>\r\n<td>\r\n<h2>17/12/2024</h2>\r\n</td>\r\n</tr>\r\n<tr>\r\n<td>\r\n<h2></h2>\r\n<h2 class=\"documentFirstHeading\" id=\"parent-fieldname-title\"><a title=\"\" href=\"https://www.arcos.mg.leg.br/publicacoes/anteriores/reunioes-extraordinarias/anteriores/aviso-de-cancelamento-de-reunioes-extraordinarias-13-12-2024\" class=\"internal-link\" target=\"_self\">AVISO DE CANCELAMENTO DE REUNI\u00d5ES EXTRAORDIN\u00c1RIAS - 13/12/2024</a></h2>\r\n<h2></h2>\r\n</td>\r\n<td>\r\n<h2>13/12/2024</h2>\r\n</td>\r\n</tr>\r\n<tr>\r\n<td>\r\n<h2></h2>\r\n<h2><b><span><a title=\"\" href=\"https://www.arcos.mg.leg.br/publicacoes/anteriores/reunioes-extraordinarias/anteriores/edital-de-convocacao-reunioes-extraordinarias-13-11-2024\" class=\"internal-link\" target=\"_self\">EDITAL DE CONVOCA\u00c7\u00c3O - REUNI\u00d5ES EXTRAORDIN\u00c1RIAS 13/12/2024</a></span></b></h2>\r\n<h2></h2>\r\n</td>\r\n<td>\r\n<h2>10/12/2024</h2>\r\n</td>\r\n</tr>\r\n<tr>\r\n<td>\r\n<h2><a title=\"\" href=\"https://www.arcos.mg.leg.br/publicacoes/anteriores/reunioes-extraordinarias/anteriores/edital-de-convocacao-reunioes-extraordinarias-07-11-2024\" class=\"internal-link\" target=\"_self\">EDITAL DE CONVOCA\u00c7\u00c3O - REUNI\u00d5ES EXTRAORDIN\u00c1RIAS 07/11/2024</a></h2>\r\n</td>\r\n<td>\r\n<h2>07/11/2024</h2>\r\n</td>\r\n</tr>\r\n<tr>\r\n<td>\r\n<h2><a title=\"\" href=\"https://www.arcos.mg.leg.br/publicacoes/anteriores/reunioes-extraordinarias/anteriores/convocacao-reunioes-extraordinarias-14-11-2024\" class=\"internal-link\" target=\"_self\">CONVOCA\u00c7\u00c3O REUNI\u00d5ES EXTRAORDIN\u00c1RIAS - 14/11/2024</a></h2>\r\n</td>\r\n<td>\r\n<h2>01/11/2024</h2>\r\n</td>\r\n</tr>\r\n<tr>\r\n<td>\r\n<h2></h2>\r\n<h2><strong><span><a title=\"\" href=\"https://www.arcos.mg.leg.br/publicacoes/anteriores/aviso-de-julgamento/aviso-julgamento-das-contas-do-poder-executivo-municipal-de-arcos-relativas-ao-exercicio-de-2020\" class=\"internal-link\" target=\"_self\">JULGAMENTO DAS CONTAS DO PODER EXECUTIVO MUNICIPAL - EXERC\u00cdCIO DE 2020\u00a0 \u00a0 \u00a0 \u00a0\u00a0</a></span></strong></h2>\r\n<h2></h2>\r\n</td>\r\n<td>\r\n<h2>01/11/2024</h2>\r\n</td>\r\n</tr>\r\n<tr>\r\n<td>\r\n<h2></h2>\r\n<h2><strong><a href=\"https://www.arcos.mg.leg.br/publicacoes/anteriores/prestacao-de-contas/aviso-prestacao-de-contas-de-2020\" target=\"_self\" title=\"\">AVISO: PRESTA\u00c7\u00c3O DE CONTAS DE 2020</a></strong></h2>\r\n<h2></h2>\r\n</td>\r\n<td>\r\n<h2>20/08/2024</h2>\r\n</td>\r\n</tr>\r\n<tr>\r\n<td>\r\n<h2></h2>\r\n<h2><a title=\"\" href=\"https://www.arcos.mg.leg.br/publicacoes/anteriores/prestacao-de-contas/julgamento-das-contas-do-poder-executivo-municipal-exercicio-de-2022\" class=\"internal-link\" target=\"_self\">JULGAMENTO DAS CONTAS DO PODER EXECUTIVO MUNICIPAL - EXERC\u00cdCIO DE 2022</a></h2>\r\n<h2></h2>\r\n</td>\r\n<td>\r\n<h2>28/06/2024</h2>\r\n</td>\r\n</tr>\r\n<tr>\r\n<td>\r\n<h2></h2>\r\n<h2><a title=\"\" href=\"https://www.arcos.mg.leg.br/publicacoes/anteriores/reunioes-extraordinarias/anteriores/convocacao-de-reunioes-extraordinarias\" class=\"internal-link\" target=\"_self\">CONVOCA\u00c7\u00c3O DE REUNI\u00d5ES EXTRAORDIN\u00c1RIAS - 10/07/2024</a></h2>\r\n<h2></h2>\r\n</td>\r\n<td>\r\n<h2>28/06/2024</h2>\r\n</td>\r\n</tr>\r\n<tr>\r\n<td>\r\n<h2></h2>\r\n<h2 class=\"documentFirstHeading\" id=\"parent-fieldname-title\"><a title=\"\" href=\"https://www.arcos.mg.leg.br/publicacoes/anteriores/audiencia-publica/anteriores/aviso-audiencia-publica-no-02-2024\" class=\"internal-link\" target=\"_self\">AVISO: AUDI\u00caNCIA P\u00daBLICA N\u00ba 02/2024</a></h2>\r\n<h2></h2>\r\n</td>\r\n<td>\r\n<h2>20/05/2024</h2>\r\n</td>\r\n</tr>\r\n<tr>\r\n<td>\r\n<h2 class=\"documentFirstHeading\"></h2>\r\n<h2 class=\"title\"><a title=\"\" href=\"https://www.arcos.mg.leg.br/publicacoes/anteriores/portarias/portaria-no-19-de-16-05-2024\" class=\"internal-link\" target=\"_self\">PORTARIA N\u00ba 19 DE 16/05/2024</a></h2>\r\n<h2 class=\"documentFirstHeading\"></h2>\r\n</td>\r\n<td>\r\n<h2>20/05/2024</h2>\r\n</td>\r\n</tr>\r\n<tr>\r\n<td>\r\n<h2 class=\"title\"></h2>\r\n<h2 class=\"title\"><a title=\"\" href=\"https://www.arcos.mg.leg.br/publicacoes/anteriores/portarias/portaria-no-18-de-09-05-2024\" class=\"internal-link\" target=\"_self\">PORTARIA N\u00ba 18 DE 09/05/2024</a></h2>\r\n<h2 class=\"title\"></h2>\r\n</td>\r\n<td>\r\n<h2>09/05/2024</h2>\r\n</td>\r\n</tr>\r\n<tr>\r\n<td>\r\n<h2></h2>\r\n<h2><a title=\"\" href=\"https://www.arcos.mg.leg.br/publicacoes/anteriores/audiencia-publica/anteriores/aviso-audiencia-publica-no-01-2024\" class=\"internal-link\" target=\"_self\">AVISO: AUDI\u00caNCIA P\u00daBLICA N\u00ba 01/2024</a></h2>\r\n<h2></h2>\r\n</td>\r\n<td>\r\n<h2></h2>\r\n<h2>09/05/2024</h2>\r\n</td>\r\n</tr>\r\n<tr>\r\n<td>\r\n<h2><strong><a title=\"\" href=\"https://www.arcos.mg.leg.br/publicacoes/anteriores/prestacao-de-contas/aviso-prestacao-de-contas-de-2022\" class=\"internal-link\" target=\"_self\">AVISO: PRESTA\u00c7\u00c3O DE CONTAS DE 2022</a></strong><b>\u00a0</b></h2>\r\n</td>\r\n<td>\r\n<h2>26/04/2024</h2>\r\n</td>\r\n</tr>\r\n<tr>\r\n<td>\r\n<h2><a title=\"\" href=\"https://www.arcos.mg.leg.br/publicacoes/anteriores/relatorio-de-gestao/relatorio-de-gestao-fiscal-simplificado-2o-semestre-de-2023\" class=\"internal-link\" target=\"_self\">RELAT\u00d3RIO DE GEST\u00c3O FISCAL SIMPLIFICADO - 2\u00ba SEMESTRE DE 2023</a></h2>\r\n</td>\r\n<td>\r\n<h2>30/01/2024</h2>\r\n</td>\r\n</tr>\r\n<tr>\r\n<td>\r\n<h2></h2>\r\n<h2 class=\"title\"><a title=\"\" href=\"https://www.arcos.mg.leg.br/publicacoes/anteriores/plano-de-contratacoes/plano-de-contratacoes-anual-2024\" class=\"internal-link\" target=\"_self\">PLANO DE CONTRATA\u00c7\u00d5ES ANUAL - 2024</a></h2>\r\n<h2></h2>\r\n</td>\r\n<td>\r\n<h2>23/01/2024</h2>\r\n</td>\r\n</tr>\r\n<tr>\r\n<td>\r\n<h2 class=\"title\"></h2>\r\n<h2 class=\"title\"><a title=\"\" href=\"https://www.arcos.mg.leg.br/publicacoes/anteriores/reunioes-extraordinarias/anteriores/edital-de-convocacao-de-reunioes-extraordinarias-24-01-2024\" class=\"internal-link\" target=\"_self\">CONVOCA\u00c7\u00c3O DE REUNI\u00d5ES EXTRAORDIN\u00c1RIAS - 24/01/2024</a></h2>\r\n<h2 class=\"title\"></h2>\r\n</td>\r\n<td>\r\n<h2>22/01/2024</h2>\r\n</td>\r\n</tr>\r\n<tr>\r\n<td>\r\n<h2 class=\"title\"></h2>\r\n<h2 class=\"title\"><a title=\"\" href=\"https://www.arcos.mg.leg.br/publicacoes/anteriores/convocacao-de-servidores/edital-de-convocacao-auxiliar-de-contabilidade\" class=\"internal-link\" target=\"_self\">EDITAL DE CONVOCA\u00c7\u00c3O - AUXILIAR DE CONTABILIDADE</a></h2>\r\n<h2 class=\"title\"></h2>\r\n</td>\r\n<td>\r\n<h2>10/01/2024</h2>\r\n</td>\r\n</tr>\r\n<tr>\r\n<td>\r\n<h2 class=\"title\"></h2>\r\n<h2 class=\"title\">E<a title=\"\" href=\"https://www.arcos.mg.leg.br/publicacoes/anteriores/convocacao-de-servidores/edital-de-convocacao-auxiliar-de-contabilidade-1\" class=\"internal-link\" target=\"_self\">DITAL DE CONVOCA\u00c7\u00c3O - AUXILIAR DE CONTABILIDADE</a></h2>\r\n<h2 class=\"title\"></h2>\r\n</td>\r\n<td>\r\n<h2>09/01/2024</h2>\r\n</td>\r\n</tr>\r\n<tr>\r\n<td>\r\n<h2 class=\"documentFirstHeading\" id=\"parent-fieldname-title\"><a title=\"\" href=\"https://www.arcos.mg.leg.br/publicacoes/anteriores/reunioes-extraordinarias/anteriores/convocacao-de-reunioes-extraordinarias-11-01-2024\" class=\"internal-link\" target=\"_self\">CONVOCA\u00c7\u00c3O DE REUNI\u00d5ES EXTRAORDIN\u00c1RIAS - 11/01/2024</a></h2>\r\n</td>\r\n<td>\r\n<h2>05/01/2024</h2>\r\n</td>\r\n</tr>\r\n</tbody>\r\n</table>", "author_name": "", "version": "1.0", "author_url": "https://www.arcos.mg.leg.br/author/patriciaproenca", "provider_name": "C\u00e2mara Municipal de Arcos", "type": "rich"}