{"provider_url": "https://www.arcos.mg.leg.br", "title": "Publica\u00e7\u00f5es 2023", "html": "<table class=\"tablelicitacao\">\r\n<tbody>\r\n<tr><th>T\u00cdTULO</th><th>DATA PUBLICA\u00c7\u00c3O</th></tr>\r\n<tr>\r\n<td>\r\n<h2></h2>\r\n<h2><a title=\"\" href=\"https://www.arcos.mg.leg.br/publicacoes/anteriores/reunioes-extraordinarias/anteriores/edital-de-convocacao-de-reuniao-extraordinaria-30-10-2023\" class=\"internal-link\" target=\"_self\">EDITAL DE CONVOCA\u00c7\u00c3O DE REUNI\u00c3O EXTRAORDIN\u00c1RIA - 30/10/2023</a>\u00a0 \u00a0 \u00a0 \u00a0 \u00a0 \u00a0 \u00a0 \u00a0 \u00a0 \u00a0 \u00a0 \u00a0 \u00a0 \u00a0 \u00a0 \u00a0 \u00a0\u00a0</h2>\r\n<br />\r\n<h2></h2>\r\n</td>\r\n<td>\r\n<h2>25/10/2023</h2>\r\n</td>\r\n</tr>\r\n<tr>\r\n<td>\r\n<h2></h2>\r\n<h2><span><a title=\"\" href=\"https://www.arcos.mg.leg.br/publicacoes/anteriores/pautas/pauta-da-40a-reuniao-ordinaria-da-sessao-legislativa-de-2023-a-ser-realizada-no-dia-11-de-dezembro-de-2023\" class=\"internal-link\" target=\"_self\">PAUTA DA 40\u00aa REUNI\u00c3O ORDIN\u00c1RIA DA SESS\u00c3O LEGISLATIVA DE 2023 A SER REALIZADA NO DIA 11 DE DEZEMBRO DE 2023.</a></span></h2>\r\n<h2></h2>\r\n</td>\r\n<td>\r\n<h2>08/12/2023</h2>\r\n</td>\r\n</tr>\r\n<tr>\r\n<td>\r\n<h2><span><a title=\"\" href=\"https://www.arcos.mg.leg.br/publicacoes/anteriores/pautas/pauta-da-39a-reuniao-ordinaria-da-sessao-legislativa-de-2023-a-ser-realizada-no-dia-01-de-dezembro-de-2023\" class=\"internal-link\" target=\"_self\">PAUTA DA 39\u00aa REUNI\u00c3O ORDIN\u00c1RIA DA SESS\u00c3O LEGISLATIVA DE 2023 A SER REALIZADA NO DIA 01 DE DEZEMBRO DE 2023.</a></span></h2>\r\n<h2></h2>\r\n</td>\r\n<td>\r\n<h2>01/12/2023</h2>\r\n</td>\r\n</tr>\r\n<tr>\r\n<td>\r\n<h2><span><a title=\"\" href=\"https://www.arcos.mg.leg.br/publicacoes/anteriores/pautas/pauta-da-38a-reuniao-ordinaria-da-sessao-legislativa-de-2023-a-ser-realizada-no-dia-27-de-novembro-de-2023\" class=\"internal-link\" target=\"_self\">PAUTA DA 38\u00aa REUNI\u00c3O ORDIN\u00c1RIA DA SESS\u00c3O LEGISLATIVA DE 2023 A SER REALIZADA NO DIA 27 DE NOVEMBRO DE 2023.</a></span></h2>\r\n<h2></h2>\r\n</td>\r\n<td>\r\n<h2>24/11/2023</h2>\r\n</td>\r\n</tr>\r\n<tr>\r\n<td>\r\n<h2><span><a title=\"\" href=\"https://www.arcos.mg.leg.br/publicacoes/anteriores/pautas/pauta-da-37a-reuniao-ordinaria-da-sessao-legislativa-de-2023-a-ser-realizada-no-dia-20-de-novembro-de-2023\" class=\"internal-link\" target=\"_self\">PAUTA DA 37\u00aa REUNI\u00c3O ORDIN\u00c1RIA DA SESS\u00c3O LEGISLATIVA DE 2023 A SER REALIZADA NO DIA 20 DE NOVEMBRO DE 2023.</a></span></h2>\r\n<h2></h2>\r\n</td>\r\n<td>\r\n<h2>17/11/2023</h2>\r\n</td>\r\n</tr>\r\n<tr>\r\n<td>\r\n<h2><span><a title=\"\" href=\"https://www.arcos.mg.leg.br/publicacoes/anteriores/pautas/pauta-da-36a-reuniao-ordinaria-da-sessao-legislativa-de-2023-a-ser-realizada-no-dia-13-de-novembro-de-2023\" class=\"internal-link\" target=\"_self\">PAUTA DA 36\u00aa REUNI\u00c3O ORDIN\u00c1RIA DA SESS\u00c3O LEGISLATIVA DE 2023 A SER REALIZADA NO DIA 13 DE NOVEMBRO DE 2023.</a></span></h2>\r\n<h2></h2>\r\n</td>\r\n<td>\r\n<h2>10/11/2023</h2>\r\n</td>\r\n</tr>\r\n<tr>\r\n<td>\r\n<h2><span><a title=\"\" href=\"https://www.arcos.mg.leg.br/publicacoes/anteriores/pautas/pauta-da-35a-reuniao-ordinaria-da-sessao-legislativa-de-2023-a-ser-realizada-no-dia-06-de-novembro-de-2023\" class=\"internal-link\" target=\"_self\">PAUTA DA 35\u00aa REUNI\u00c3O ORDIN\u00c1RIA DA SESS\u00c3O LEGISLATIVA DE 2023 A SER REALIZADA NO DIA 06 DE NOVEMBRO DE 2023.</a></span></h2>\r\n</td>\r\n<td>\r\n<h2>01/11/2023</h2>\r\n</td>\r\n</tr>\r\n<tr>\r\n<td>\r\n<h2><span><a title=\"\" href=\"https://www.arcos.mg.leg.br/publicacoes/anteriores/reunioes/aviso-de-cancelamento-de-reunioes\" class=\"internal-link\" target=\"_self\">AVISO DE CANCELAMENTO DE REUNI\u00d5ES</a></span></h2>\r\n</td>\r\n<td>\r\n<h2>30/10/2023</h2>\r\n</td>\r\n</tr>\r\n<tr>\r\n<td>\r\n<h2><span><a title=\"\" href=\"https://www.arcos.mg.leg.br/publicacoes/anteriores/reunioes-extraordinarias/anteriores/edital-de-convocacao-de-reuniao-extraordinaria-30-10-2023\" class=\"internal-link\" target=\"_self\">EDITAL DE CONVOCA\u00c7\u00c3O DE REUNI\u00c3O EXTRAORDIN\u00c1RIA - 30/10/2023</a></span></h2>\r\n</td>\r\n<td>\r\n<h2>25/10/2023</h2>\r\n</td>\r\n</tr>\r\n<tr>\r\n<td>\r\n<h2><span><a title=\"\" href=\"https://www.arcos.mg.leg.br/publicacoes/anteriores/pautas/pauta-da-34a-reuniao-ordinaria-da-sessao-legislativa-de-2023-a-ser-realizada-no-dia-23-de-outubro-de-2023\" class=\"internal-link\" target=\"_self\">PAUTA DA 34\u00aa REUNI\u00c3O ORDIN\u00c1RIA DA SESS\u00c3O LEGISLATIVA DE 2023 A SER REALIZADA NO DIA 23 DE OUTUBRO DE 2023.</a></span></h2>\r\n</td>\r\n<td>\r\n<h2>20/10/2023</h2>\r\n</td>\r\n</tr>\r\n<tr>\r\n<td>\r\n<h2><span><a title=\"\" href=\"https://www.arcos.mg.leg.br/publicacoes/anteriores/pautas/pauta-da-33a-reuniao-ordinaria-da-sessao-legislativa-de-2023-a-ser-realizada-no-dia-16-de-outubro-de-2023\" class=\"internal-link\" target=\"_self\">PAUTA DA 33\u00aa REUNI\u00c3O ORDIN\u00c1RIA DA SESS\u00c3O LEGISLATIVA DE 2023 A SER REALIZADA NO DIA 16 DE OUTUBRO DE 2023.</a></span></h2>\r\n</td>\r\n<td>\r\n<h2>11/10/2023</h2>\r\n</td>\r\n</tr>\r\n<tr>\r\n<td>\r\n<h2><span><a title=\"\" href=\"https://www.arcos.mg.leg.br/publicacoes/anteriores/pautas/pauta-da-32a-reuniao-ordinaria-da-sessao-legislativa-de-2023-a-ser-realizada-no-dia-09-de-outubro-de-2023\" class=\"internal-link\" target=\"_self\">PAUTA DA 32\u00aa REUNI\u00c3O ORDIN\u00c1RIA DA SESS\u00c3O LEGISLATIVA DE 2023 A SER REALIZADA NO DIA 09 DE OUTUBRO DE 2023.</a></span></h2>\r\n</td>\r\n<td>\r\n<h2>06/10/2023</h2>\r\n</td>\r\n</tr>\r\n<tr>\r\n<td>\r\n<h2><span><a title=\"\" href=\"https://www.arcos.mg.leg.br/publicacoes/anteriores/pautas/pauta-da-31a-reuniao-ordinaria-da-sessao-legislativa-de-2023-a-ser-realizada-no-dia-02-de-outubro-de-2023\" class=\"internal-link\" target=\"_self\">PAUTA DA 31\u00aa REUNI\u00c3O ORDIN\u00c1RIA DA SESS\u00c3O LEGISLATIVA DE 2023 A SER REALIZADA NO DIA 02 DE OUTUBRO DE 2023.</a></span></h2>\r\n</td>\r\n<td>\r\n<h2>29/09/2023</h2>\r\n</td>\r\n</tr>\r\n<tr>\r\n<td>\r\n<h2><span><a title=\"\" href=\"https://www.arcos.mg.leg.br/publicacoes/anteriores/pautas/pauta-da-30a-reuniao-ordinaria-da-sessao-legislativa-de-2023-a-ser-realizada-no-dia-25-de-setembro-de-2023\" class=\"internal-link\" target=\"_self\">PAUTA DA 30\u00aa REUNI\u00c3O ORDIN\u00c1RIA DA SESS\u00c3O LEGISLATIVA DE 2023 A SER REALIZADA NO DIA 25 DE SETEMBRO DE 2023.</a></span></h2>\r\n</td>\r\n<td>\r\n<h2>22/09/2023</h2>\r\n</td>\r\n</tr>\r\n<tr>\r\n<td>\r\n<h2><span><a title=\"\" href=\"https://www.arcos.mg.leg.br/publicacoes/anteriores/pautas/pauta-da-29a-reuniao-ordinaria-da-sessao-legislativa-de-2023-a-ser-realizada-no-dia-18-de-setembro-de-2023\" class=\"internal-link\" target=\"_self\">PAUTA DA 29\u00aa REUNI\u00c3O ORDIN\u00c1RIA DA SESS\u00c3O LEGISLATIVA DE 2023 A SER REALIZADA NO DIA 18 DE SETEMBRO DE 2023.</a></span></h2>\r\n</td>\r\n<td>\r\n<h2>15/09/2023</h2>\r\n</td>\r\n</tr>\r\n<tr>\r\n<td>\r\n<h2><span><a title=\"\" href=\"https://www.arcos.mg.leg.br/publicacoes/anteriores/pautas/pauta-da-28a-reuniao-ordinaria-da-sessao-legislativa-de-2023-a-ser-realizada-no-dia-11-de-setembro-de-2023\" class=\"internal-link\" target=\"_self\">PAUTA DA 28\u00aa REUNI\u00c3O ORDIN\u00c1RIA DA SESS\u00c3O LEGISLATIVA DE 2023 A SER REALIZADA NO DIA 11 DE SETEMBRO DE 2023.</a></span></h2>\r\n</td>\r\n<td>\r\n<h2>06/09/2023</h2>\r\n</td>\r\n</tr>\r\n<tr>\r\n<td>\r\n<h2></h2>\r\n<h2><span><a title=\"\" href=\"https://www.arcos.mg.leg.br/publicacoes/anteriores/pautas/pauta-da-27a-reuniao-ordinaria-da-sessao-legislativa-de-2023-a-ser-realizada-no-dia-04-de-setembro-de-2023\" class=\"internal-link\" target=\"_self\">PAUTA DA 27\u00aa REUNI\u00c3O ORDIN\u00c1RIA DA SESS\u00c3O LEGISLATIVA DE 2023 A SER REALIZADA NO DIA 04 DE SETEMBRO DE 2023.</a></span></h2>\r\n<h2></h2>\r\n</td>\r\n<td>\r\n<h2>01/09/2023</h2>\r\n</td>\r\n</tr>\r\n<tr>\r\n<td>\r\n<h2><span><a title=\"\" href=\"https://www.arcos.mg.leg.br/publicacoes/anteriores/pautas/pauta-da-26a-reuniao-ordinaria-da-sessao-legislativa-de-2023-a-ser-realizada-no-dia-28-de-agosto-de-2023\" class=\"internal-link\" target=\"_self\">PAUTA DA 26\u00aa REUNI\u00c3O ORDIN\u00c1RIA DA SESS\u00c3O LEGISLATIVA DE 2023 A SER REALIZADA NO DIA 28 DE AGOSTO DE 2023.</a></span></h2>\r\n<h2></h2>\r\n</td>\r\n<td>\r\n<h2>25/08/2023</h2>\r\n</td>\r\n</tr>\r\n<tr>\r\n<td>\r\n<h2><span><a title=\"\" href=\"https://www.arcos.mg.leg.br/publicacoes/anteriores/pautas/pauta-da-25a-reuniao-ordinaria-da-sessao-legislativa-de-2023-a-ser-realizada-no-dia-21-de-agosto-de-2023\" class=\"internal-link\" target=\"_self\">PAUTA DA 25\u00aa REUNI\u00c3O ORDIN\u00c1RIA DA SESS\u00c3O LEGISLATIVA DE 2023 A SER REALIZADA NO DIA 21 DE AGOSTO DE 2023.</a>/</span></h2>\r\n<h2></h2>\r\n</td>\r\n<td>\r\n<h2>18/08/2023</h2>\r\n</td>\r\n</tr>\r\n<tr>\r\n<td>\r\n<h2><span><a title=\"\" href=\"https://www.arcos.mg.leg.br/publicacoes/anteriores/pautas/pauta-da-24a-reuniao-ordinaria-da-sessao-legislativa-de-2023-a-ser-realizada-no-dia-16-de-agosto-de-2023\" class=\"internal-link\" target=\"_self\">PAUTA DA 24\u00aa REUNI\u00c3O ORDIN\u00c1RIA DA SESS\u00c3O LEGISLATIVA DE 2023 A SER REALIZADA NO DIA 16 DE AGOSTO DE 2023.</a></span></h2>\r\n<h2></h2>\r\n</td>\r\n<td>\r\n<h2>11/08/2023</h2>\r\n</td>\r\n</tr>\r\n<tr>\r\n<td>\r\n<h2><span><a title=\"\" href=\"https://www.arcos.mg.leg.br/publicacoes/anteriores/reunioes-extraordinarias/anteriores/edital-de-convocacao-de-reuniao-extraordinaria-10-08-2023\" class=\"internal-link\" target=\"_self\">EDITAL DE CONVOCA\u00c7\u00c3O DE REUNI\u00c3O EXTRAORDIN\u00c1RIA - 10/08/2023</a></span></h2>\r\n<h2></h2>\r\n</td>\r\n<td>\r\n<h2>08/08/2023</h2>\r\n</td>\r\n</tr>\r\n<tr>\r\n<td>\r\n<h2><span><a title=\"\" href=\"https://www.arcos.mg.leg.br/publicacoes/anteriores/pautas/pauta-da-23a-reuniao-ordinaria-da-sessao-legislativa-de-2023-a-ser-realizada-no-dia-07-de-agosto-de-2023\" class=\"internal-link\" target=\"_self\">PAUTA DA 23\u00aa REUNI\u00c3O ORDIN\u00c1RIA DA SESS\u00c3O LEGISLATIVA DE 2023 A SER REALIZADA NO DIA 07 DE AGOSTO DE 2023.</a></span></h2>\r\n<h2></h2>\r\n</td>\r\n<td>\r\n<h2>04/08/2023</h2>\r\n</td>\r\n</tr>\r\n<tr>\r\n<td>\r\n<h2><span><a title=\"\" href=\"https://www.arcos.mg.leg.br/publicacoes/anteriores/reunioes-extraordinarias/anteriores/edital-de-convocacao-de-reunioes-extraordinarias-27-07-2023\" class=\"internal-link\" target=\"_self\">EDITAL DE CONVOCA\u00c7\u00c3O DE REUNI\u00d5ES EXTRAORDIN\u00c1RIAS - 27/07/2023</a></span></h2>\r\n<h2></h2>\r\n</td>\r\n<td>\r\n<h2>25/07/2023</h2>\r\n</td>\r\n</tr>\r\n<tr>\r\n<td>\r\n<h2><span><a title=\"\" href=\"https://www.arcos.mg.leg.br/publicacoes/anteriores/pautas/pauta-da-22a-reuniao-ordinaria-da-sessao-legislativa-de-2023-a-ser-realizada-no-dia-10-de-julho-de-2023\" class=\"internal-link\" target=\"_self\">PAUTA DA 22\u00aa REUNI\u00c3O ORDIN\u00c1RIA DA SESS\u00c3O LEGISLATIVA DE 2023 A SER REALIZADA NO DIA 10 DE JULHO DE 2023.</a></span></h2>\r\n<h2></h2>\r\n</td>\r\n<td>\r\n<h2>07/07/2023</h2>\r\n</td>\r\n</tr>\r\n<tr>\r\n<td>\r\n<h2><span><a title=\"\" href=\"https://www.arcos.mg.leg.br/publicacoes/anteriores/pautas/pauta-da-21a-reuniao-ordinaria-da-sessao-legislativa-de-2023-a-ser-realizada-no-dia-03-de-julho-de-2023\" class=\"internal-link\" target=\"_self\">PAUTA DA 21\u00aa REUNI\u00c3O ORDIN\u00c1RIA DA SESS\u00c3O LEGISLATIVA DE 2023 A SER REALIZADA NO DIA 03 DE JULHO DE 2023.</a></span></h2>\r\n<h2></h2>\r\n</td>\r\n<td>\r\n<h2>30/06/2023</h2>\r\n</td>\r\n</tr>\r\n<tr>\r\n<td>\r\n<h2><span><a title=\"\" href=\"https://www.arcos.mg.leg.br/publicacoes/anteriores/pautas/pauta-da-20a-reuniao-ordinaria-da-sessao-legislativa-de-2023-a-ser-realizada-no-dia-26-de-junho-de-2023\" class=\"internal-link\" target=\"_self\">PAUTA DA 20\u00aa REUNI\u00c3O ORDIN\u00c1RIA DA SESS\u00c3O LEGISLATIVA DE 2023 A SER REALIZADA NO DIA 26 DE JUNHO DE 2023.</a></span></h2>\r\n</td>\r\n<td>\r\n<h2>23/06/2023</h2>\r\n</td>\r\n</tr>\r\n<tr>\r\n<td>\r\n<h2><span><a title=\"\" href=\"https://www.arcos.mg.leg.br/publicacoes/anteriores/pautas/pauta-da-19a-reuniao-ordinaria-da-sessao-legislativa-de-2023-a-ser-realizada-no-dia-19-de-junho-de-2023\" class=\"internal-link\" target=\"_self\">PAUTA DA 19\u00aa REUNI\u00c3O ORDIN\u00c1RIA DA SESS\u00c3O LEGISLATIVA DE 2023 A SER REALIZADA NO DIA 19 DE JUNHO DE 2023.</a></span></h2>\r\n</td>\r\n<td>\r\n<h2>16/06/2023</h2>\r\n</td>\r\n</tr>\r\n<tr>\r\n<td>\r\n<h2><span><a title=\"\" href=\"https://www.arcos.mg.leg.br/publicacoes/anteriores/pautas/pauta-da-18a-reuniao-ordinaria-da-sessao-legislativa-de-2023-a-ser-realizada-no-dia-12-de-junho-de-2023\" class=\"internal-link\" target=\"_self\">PAUTA DA 18\u00aa REUNI\u00c3O ORDIN\u00c1RIA DA SESS\u00c3O LEGISLATIVA DE 2023 A SER REALIZADA NO DIA 12 DE JUNHO DE 2023.</a></span></h2>\r\n</td>\r\n<td>\r\n<h2>07/06/2023</h2>\r\n</td>\r\n</tr>\r\n<tr>\r\n<td>\r\n<h2><span><a title=\"\" href=\"https://www.arcos.mg.leg.br/publicacoes/anteriores/pautas/pauta-da-17a-reuniao-ordinaria-da-sessao-legislativa-de-2023-a-ser-realizada-no-dia-05-de-junho-de-2023\" class=\"internal-link\" target=\"_self\">PAUTA DA 17\u00aa REUNI\u00c3O ORDIN\u00c1RIA DA SESS\u00c3O LEGISLATIVA DE 2023 A SER REALIZADA NO DIA 05 DE JUNHO DE 2023.</a></span></h2>\r\n</td>\r\n<td>\r\n<h2>02/06/2023</h2>\r\n</td>\r\n</tr>\r\n<tr>\r\n<td>\r\n<h2><span><a title=\"\" href=\"https://www.arcos.mg.leg.br/publicacoes/anteriores/pautas/pauta-da-16a-reuniao-ordinaria-da-sessao-legislativa-de-2023-a-ser-realizada-no-dia-22-de-maio-de-2023\" class=\"internal-link\" target=\"_self\">PAUTA DA 16\u00aa REUNI\u00c3O ORDIN\u00c1RIA DA SESS\u00c3O LEGISLATIVA DE 2023 A SER REALIZADA NO DIA 22 DE MAIO DE 2023.</a></span></h2>\r\n</td>\r\n<td>\r\n<h2>19/05/2023</h2>\r\n</td>\r\n</tr>\r\n<tr>\r\n<td>\r\n<h2><span><a title=\"\" href=\"https://www.arcos.mg.leg.br/publicacoes/anteriores/pautas/pauta-da-15a-reuniao-ordinaria-da-sessao-legislativa-de-2023-a-ser-realizada-no-dia-15-de-maio-de-2023\" class=\"internal-link\" target=\"_self\">PAUTA DA 15\u00aa REUNI\u00c3O ORDIN\u00c1RIA DA SESS\u00c3O LEGISLATIVA DE 2023 A SER REALIZADA NO DIA 15 DE MAIO DE 2023.</a></span></h2>\r\n</td>\r\n<td>\r\n<h2>12/05/2023</h2>\r\n</td>\r\n</tr>\r\n<tr>\r\n<td>\r\n<h2><span><a title=\"\" href=\"https://www.arcos.mg.leg.br/publicacoes/anteriores/pautas/pauta-da-14a-reuniao-ordinaria-da-sessao-legislativa-de-2023-a-ser-realizada-no-dia-08-de-maio-de-2023\" class=\"internal-link\" target=\"_self\">PAUTA DA 14\u00aa REUNI\u00c3O ORDIN\u00c1RIA DA SESS\u00c3O LEGISLATIVA DE 2023 A SER REALIZADA NO DIA 08 DE MAIO DE 2023.</a></span></h2>\r\n</td>\r\n<td>\r\n<h2>05/05/2023</h2>\r\n</td>\r\n</tr>\r\n<tr>\r\n<td>\r\n<h2><span><a title=\"\" href=\"https://www.arcos.mg.leg.br/publicacoes/anteriores/pautas/pauta-da-13a-reuniao-ordinaria-da-sessao-legislativa-de-2023-a-ser-realizada-no-dia-02-de-maio-de-2023\" class=\"internal-link\" target=\"_self\">PAUTA DA 13\u00aa REUNI\u00c3O ORDIN\u00c1RIA DA SESS\u00c3O LEGISLATIVA DE 2023 A SER REALIZADA NO DIA 02 DE MAIO DE 2023.</a></span></h2>\r\n</td>\r\n<td>\r\n<h2>28/04/2023</h2>\r\n</td>\r\n</tr>\r\n<tr>\r\n<td>\r\n<h2><span><a title=\"\" href=\"https://www.arcos.mg.leg.br/publicacoes/anteriores/pautas/pauta-da-12a-reuniao-ordinaria-da-sessao-legislativa-de-2023-a-ser-realizada-no-dia-24-de-abril-de-2023\" class=\"internal-link\" target=\"_self\">PAUTA DA 12\u00aa REUNI\u00c3O ORDIN\u00c1RIA DA SESS\u00c3O LEGISLATIVA DE 2023 A SER REALIZADA NO DIA 24 DE ABRIL DE 2023.</a></span></h2>\r\n</td>\r\n<td>\r\n<h2>20/04/2023</h2>\r\n</td>\r\n</tr>\r\n<tr>\r\n<td>\r\n<h2><span><a title=\"\" href=\"https://www.arcos.mg.leg.br/publicacoes/anteriores/reunioes-extraordinarias/anteriores/edital-de-convocacao-de-reunioes-extraordinarias-19-04-2023\" class=\"internal-link\" target=\"_self\">EDITAL DE CONVOCA\u00c7\u00c3O DE REUNI\u00d5ES EXTRAORDIN\u00c1RIAS- 19/04/2023</a></span></h2>\r\n</td>\r\n<td>\r\n<h2>17/04/2023</h2>\r\n</td>\r\n</tr>\r\n<tr>\r\n<td>\r\n<h2></h2>\r\n<h2><span><a title=\"\" href=\"https://www.arcos.mg.leg.br/publicacoes/anteriores/pautas/pauta-da-11a-reuniao-ordinaria-da-sessao-legislativa-de-2023-a-ser-realizada-no-dia-17-de-abril-de-2023\" class=\"internal-link\" target=\"_self\">PAUTA DA 11\u00aa REUNI\u00c3O ORDIN\u00c1RIA DA SESS\u00c3O LEGISLATIVA DE 2023 A SER REALIZADA NO DIA 17 DE ABRIL DE 2023.</a></span></h2>\r\n<h2></h2>\r\n</td>\r\n<td>\r\n<h2>14/04/2023</h2>\r\n</td>\r\n</tr>\r\n<tr>\r\n<td>\r\n<h2><span><a title=\"\" href=\"https://www.arcos.mg.leg.br/publicacoes/anteriores/pautas/pauta-da-10a-reuniao-ordinaria-da-sessao-legislativa-de-2023-a-ser-realizada-no-dia-10-de-abril-de-2023\" class=\"internal-link\" target=\"_self\">PAUTA DA 10\u00aa REUNI\u00c3O ORDIN\u00c1RIA DA SESS\u00c3O LEGISLATIVA DE 2023 A SER REALIZADA NO DIA 10 DE ABRIL DE 2023.</a></span></h2>\r\n<h2></h2>\r\n</td>\r\n<td>\r\n<h2>05/04/2023</h2>\r\n</td>\r\n</tr>\r\n<tr>\r\n<td>\r\n<h2><span><a title=\"\" href=\"https://www.arcos.mg.leg.br/publicacoes/anteriores/portarias/portaria-no-12-de-2021\" class=\"internal-link\" target=\"_self\">Portaria n 012 de 31/03/2023</a></span></h2>\r\n<h2></h2>\r\n</td>\r\n<td>\r\n<h2>31/03/2023</h2>\r\n</td>\r\n</tr>\r\n<tr>\r\n<td>\r\n<h2><span><a title=\"\" href=\"https://www.arcos.mg.leg.br/publicacoes/anteriores/pautas/pauta-da-9a-reuniao-ordinaria-da-sessao-legislativa-de-2023-a-ser-realizada-no-dia-03-de-abril-de-2023\" class=\"internal-link\" target=\"_self\">PAUTA DA 9\u00aa REUNI\u00c3O ORDIN\u00c1RIA DA SESS\u00c3O LEGISLATIVA DE 2023 A SER REALIZADA NO DIA 03 DE ABRIL DE 2023.</a></span></h2>\r\n<h2></h2>\r\n</td>\r\n<td>\r\n<h2>31/03/2023</h2>\r\n</td>\r\n</tr>\r\n<tr>\r\n<td>\r\n<h2><span><a title=\"\" href=\"https://www.arcos.mg.leg.br/publicacoes/anteriores/pautas/pauta-da-8a-reuniao-ordinaria-da-sessao-legislativa-de-2023-a-ser-realizada-no-dia-27-de-marco-de-2023\" class=\"internal-link\" target=\"_self\">PAUTA DA 8\u00aa REUNI\u00c3O ORDIN\u00c1RIA DA SESS\u00c3O LEGISLATIVA DE 2023 A SER REALIZADA NO DIA 27 DE MAR\u00c7O DE 2023.</a></span></h2>\r\n<h2></h2>\r\n</td>\r\n<td>\r\n<h2>24/03/2023</h2>\r\n</td>\r\n</tr>\r\n<tr>\r\n<td>\r\n<h2><span><a title=\"\" href=\"https://www.arcos.mg.leg.br/publicacoes/anteriores/pautas/pauta-da-7a-reuniao-ordinaria-da-sessao-legislativa-de-2023-a-ser-realizada-no-dia-20-de-marco-de-2023\" class=\"internal-link\" target=\"_self\">PAUTA DA 7\u00aa REUNI\u00c3O ORDIN\u00c1RIA DA SESS\u00c3O LEGISLATIVA DE 2023 A SER REALIZADA NO DIA 20 DE MAR\u00c7O DE 2023.</a></span></h2>\r\n<h2></h2>\r\n</td>\r\n<td>\r\n<h2>17/03/2023</h2>\r\n</td>\r\n</tr>\r\n<tr>\r\n<td>\r\n<h2><span><a title=\"\" href=\"https://www.arcos.mg.leg.br/publicacoes/anteriores/reunioes-extraordinarias/anteriores/reunioes-extraordinarias-dia-17-03-2023\" class=\"internal-link\" target=\"_self\">Reuni\u00f5es Extraordin\u00e1rias (dia 17/03/2023)</a></span></h2>\r\n<h2></h2>\r\n</td>\r\n<td>\r\n<h2>15/03/2023</h2>\r\n</td>\r\n</tr>\r\n<tr>\r\n<td>\r\n<h2><span><a title=\"\" href=\"https://www.arcos.mg.leg.br/publicacoes/anteriores/pautas/pauta-da-6a-reuniao-ordinaria-da-sessao-legislativa-de-2023-a-ser-realizada-no-dia-13-de-marco-de-2023\" class=\"internal-link\" target=\"_self\">PAUTA DA 6\u00aa REUNI\u00c3O ORDIN\u00c1RIA DA SESS\u00c3O LEGISLATIVA DE 2023 A SER REALIZADA NO DIA 13 DE MAR\u00c7O DE 2023.</a></span></h2>\r\n<h2></h2>\r\n</td>\r\n<td>\r\n<h2>10/03/2023</h2>\r\n</td>\r\n</tr>\r\n<tr>\r\n<td>\r\n<h2><span><a title=\"\" href=\"https://www.arcos.mg.leg.br/publicacoes/anteriores/comissao-especial-de-inquerito/relatorio-final-da-comissao-especial-de-inquerito-no-001-2022\" class=\"internal-link\" target=\"_self\">Relat\u00f3rio Final da Comiss\u00e3o Especial de inqu\u00e9rito n\u00ba 001/2022</a></span></h2>\r\n<br />\r\n<h2></h2>\r\n</td>\r\n<td>\r\n<h2>07/03/2023</h2>\r\n</td>\r\n</tr>\r\n<tr>\r\n<td>\r\n<h2><span><a title=\"\" href=\"https://www.arcos.mg.leg.br/publicacoes/anteriores/pautas/pauta-da-5a-reuniao-ordinaria-da-sessao-legislativa-de-2023-a-ser-realizada-no-dia-06-de-marco-de-2023\" class=\"internal-link\" target=\"_self\">PAUTA DA 5\u00aa REUNI\u00c3O ORDIN\u00c1RIA DA SESS\u00c3O LEGISLATIVA DE 2023 A SER REALIZADA NO DIA 06 DE MAR\u00c7O DE 2023.</a></span></h2>\r\n<h2></h2>\r\n</td>\r\n<td>\r\n<h2>03/03/2023</h2>\r\n</td>\r\n</tr>\r\n<tr>\r\n<td>\r\n<h2><span><a title=\"\" href=\"https://www.arcos.mg.leg.br/publicacoes/anteriores/pautas/pauta-da-5a-reuniao-ordinaria-da-sessao-legislativa-de-2023-a-ser-realizada-no-dia-06-de-marco-de-2023\" class=\"internal-link\" target=\"_self\"></a></span></h2>\r\n<h2><span><a title=\"\" href=\"https://www.arcos.mg.leg.br/publicacoes/anteriores/comissao-especial-de-inquerito/ata-da-reuniao-extraordinaria-da-comissao-especial-de-inquerito-no-001-2022-designada-pela-portaria-no-17-2022\" class=\"internal-link\" target=\"_self\">Ata da Reuni\u00e3o Extraordin\u00e1ria da Comiss\u00e3o Especial de Inqu\u00e9rito n\u00ba 001/2022, designada pela Portaria n\u00ba 17/2022.</a></span></h2>\r\n<h2><span><a title=\"\" href=\"https://www.arcos.mg.leg.br/publicacoes/anteriores/pautas/pauta-da-5a-reuniao-ordinaria-da-sessao-legislativa-de-2023-a-ser-realizada-no-dia-06-de-marco-de-2023\" class=\"internal-link\" target=\"_self\"></a></span></h2>\r\n</td>\r\n<td>\r\n<h2>03/03/2023</h2>\r\n</td>\r\n</tr>\r\n<tr>\r\n<td>\r\n<h2><span><a title=\"\" href=\"https://www.arcos.mg.leg.br/publicacoes/anteriores/comissao-especial-de-inquerito/edital-de-convocacao-de-reuniao-extraordinaria-da-comissao-especial-de-inquerito-no-001-2022\" class=\"internal-link\" target=\"_self\">EDITAL DE CONVOCA\u00c7\u00c3O DE REUNI\u00c3O EXTRAORDIN\u00c1RIA DA COMISS\u00c3O ESPECIAL DE INQU\u00c9RITO N\u00ba 001/2022</a></span></h2>\r\n<h2><span><a title=\"\" href=\"https://www.arcos.mg.leg.br/publicacoes/anteriores/pautas/pauta-da-5a-reuniao-ordinaria-da-sessao-legislativa-de-2023-a-ser-realizada-no-dia-06-de-marco-de-2023\" class=\"internal-link\" target=\"_self\"></a></span></h2>\r\n</td>\r\n<td>\r\n<h2>02/03/2023</h2>\r\n</td>\r\n</tr>\r\n<tr>\r\n<td>\r\n<h2><span><a title=\"\" href=\"https://www.arcos.mg.leg.br/publicacoes/anteriores/pautas/pauta-da-4a-reuniao-ordinaria-da-sessao-legislativa-de-2023-a-ser-realizada-no-dia-27-de-fevereiro-de-2023\" class=\"internal-link\" target=\"_self\">PAUTA DA 4\u00aa REUNI\u00c3O ORDIN\u00c1RIA DA SESS\u00c3O LEGISLATIVA DE 2023 A SER REALIZADA NO DIA 27 DE FEVEREIRO DE 2023.</a></span></h2>\r\n<h2><span><a title=\"\" href=\"https://www.arcos.mg.leg.br/publicacoes/anteriores/pautas/pauta-da-5a-reuniao-ordinaria-da-sessao-legislativa-de-2023-a-ser-realizada-no-dia-06-de-marco-de-2023\" class=\"internal-link\" target=\"_self\"></a></span></h2>\r\n</td>\r\n<td>\r\n<h2>24/02/2023</h2>\r\n</td>\r\n</tr>\r\n<tr>\r\n<td>\r\n<h2><span><a title=\"\" href=\"https://www.arcos.mg.leg.br/publicacoes/anteriores/pautas/4a-reuniao-ordinaria-da-sessao-legislativa-de-2023-data-27-02-2023-i-abertura-ii-pequeno-expediente-discussao-e-aprovacao-da-ata-da-reuniao-ordinaria-realizada-no-dia-22-02-2023-entrada-do-projeto-de-lei-ordinaria-no-008-2023-de-a\" class=\"internal-link\" target=\"_self\">PAUTA DA 3\u00aa REUNI\u00c3O ORDIN\u00c1RIA DA SESS\u00c3O LEGISLATIVA DE 2023 A SER REALIZADA NO DIA 22 DE FEVEREIRO DE 2023.</a></span></h2>\r\n<h2><span><a title=\"\" href=\"https://www.arcos.mg.leg.br/publicacoes/anteriores/pautas/pauta-da-5a-reuniao-ordinaria-da-sessao-legislativa-de-2023-a-ser-realizada-no-dia-06-de-marco-de-2023\" class=\"internal-link\" target=\"_self\"></a></span></h2>\r\n</td>\r\n<td>\r\n<h2>17/02/2023</h2>\r\n</td>\r\n</tr>\r\n<tr>\r\n<td>\r\n<h2><span><a title=\"\" href=\"https://www.arcos.mg.leg.br/publicacoes/anteriores/pautas/pauta-da-2a-reuniao-ordinaria-da-sessao-legislativa-de-2023-a-ser-realizada-no-dia-13-de-fevereiro-de-2023\" class=\"internal-link\" target=\"_self\">PAUTA DA 2\u00aa REUNI\u00c3O ORDIN\u00c1RIA DA SESS\u00c3O LEGISLATIVA DE 2023 A SER REALIZADA NO DIA 13 DE FEVEREIRO DE 2023.</a></span></h2>\r\n<h2><span><a title=\"\" href=\"https://www.arcos.mg.leg.br/publicacoes/anteriores/pautas/pauta-da-5a-reuniao-ordinaria-da-sessao-legislativa-de-2023-a-ser-realizada-no-dia-06-de-marco-de-2023\" class=\"internal-link\" target=\"_self\"></a></span></h2>\r\n</td>\r\n<td>\r\n<h2>10/02/2023</h2>\r\n</td>\r\n</tr>\r\n<tr>\r\n<td>\r\n<h2><span><a title=\"\" href=\"https://www.arcos.mg.leg.br/publicacoes/anteriores/pautas/pauta-da-1a-reuniao-ordinaria-da-sessao-legislativa-de-2023-a-ser-realizada-no-dia-06-de-fevereiro-de-2023\" class=\"internal-link\" target=\"_self\">PAUTA DA 1\u00aa REUNI\u00c3O ORDIN\u00c1RIA DA SESS\u00c3O LEGISLATIVA DE 2023 A SER REALIZADA NO DIA 06 DE FEVEREIRO DE 2023.</a></span></h2>\r\n<br />\r\n<h2><span><a title=\"\" href=\"https://www.arcos.mg.leg.br/publicacoes/anteriores/pautas/pauta-da-5a-reuniao-ordinaria-da-sessao-legislativa-de-2023-a-ser-realizada-no-dia-06-de-marco-de-2023\" class=\"internal-link\" target=\"_self\"></a></span></h2>\r\n</td>\r\n<td>\r\n<h2>03/02/2023</h2>\r\n</td>\r\n</tr>\r\n<tr>\r\n<td>\r\n<h2><span><a title=\"\" href=\"https://www.arcos.mg.leg.br/publicacoes/anteriores/reunioes-extraordinarias/anteriores/edital-de-convocacao-de-reuniao-extraordinaria-02-02-2023\" class=\"internal-link\" target=\"_self\">EDITAL DE CONVOCA\u00c7\u00c3O DE REUNI\u00c3O EXTRAORDIN\u00c1RIA - 02/02/2023</a></span></h2>\r\n<h2><span><a title=\"\" href=\"https://www.arcos.mg.leg.br/publicacoes/anteriores/pautas/pauta-da-5a-reuniao-ordinaria-da-sessao-legislativa-de-2023-a-ser-realizada-no-dia-06-de-marco-de-2023\" class=\"internal-link\" target=\"_self\"></a></span></h2>\r\n</td>\r\n<td>\r\n<h2>30/01/2023</h2>\r\n</td>\r\n</tr>\r\n<tr>\r\n<td>\r\n<h2><span><a title=\"\" href=\"https://www.arcos.mg.leg.br/publicacoes/anteriores/reunioes-extraordinarias/anteriores/edital-de-convocacao-de-reuniao-extraordinaria-19-01-2023\" class=\"internal-link\" target=\"_self\">EDITAL DE CONVOCA\u00c7\u00c3O DE REUNI\u00c3O EXTRAORDIN\u00c1RIA - 19/01/2023</a></span></h2>\r\n<h2><span><a title=\"\" href=\"https://www.arcos.mg.leg.br/publicacoes/anteriores/pautas/pauta-da-5a-reuniao-ordinaria-da-sessao-legislativa-de-2023-a-ser-realizada-no-dia-06-de-marco-de-2023\" class=\"internal-link\" target=\"_self\"></a></span></h2>\r\n</td>\r\n<td>\r\n<h2>16/01/2023</h2>\r\n</td>\r\n</tr>\r\n<tr>\r\n<td>\r\n<h2><span><a title=\"\" href=\"https://www.arcos.mg.leg.br/publicacoes/anteriores/portarias/portaria-no-04-de-2021\" class=\"internal-link\" target=\"_self\">PORTARIA N\u00ba 04 DE 04/01/2023</a></span></h2>\r\n<h2><span><a title=\"\" href=\"https://www.arcos.mg.leg.br/publicacoes/anteriores/pautas/pauta-da-5a-reuniao-ordinaria-da-sessao-legislativa-de-2023-a-ser-realizada-no-dia-06-de-marco-de-2023\" class=\"internal-link\" target=\"_self\"></a></span></h2>\r\n</td>\r\n<td>\r\n<h2>04/01/2023</h2>\r\n</td>\r\n</tr>\r\n<tr>\r\n<td>\r\n<h2><span><a title=\"\" href=\"https://www.arcos.mg.leg.br/publicacoes/anteriores/reunioes-extraordinarias/anteriores/edital-de-convocacao-de-reuniao-extraordinaria-05-01-2023\" class=\"internal-link\" target=\"_self\">EDITAL DE CONVOCA\u00c7\u00c3O DE REUNI\u00c3O EXTRAORDIN\u00c1RIA - 05/01/2023</a></span></h2>\r\n<h2><span><a title=\"\" href=\"https://www.arcos.mg.leg.br/publicacoes/anteriores/pautas/pauta-da-5a-reuniao-ordinaria-da-sessao-legislativa-de-2023-a-ser-realizada-no-dia-06-de-marco-de-2023\" class=\"internal-link\" target=\"_self\"></a></span></h2>\r\n</td>\r\n<td>\r\n<h2>02/01/2023</h2>\r\n</td>\r\n</tr>\r\n</tbody>\r\n</table>", "author_name": "", "version": "1.0", "author_url": "https://www.arcos.mg.leg.br/author/patriciaproenca", "provider_name": "C\u00e2mara Municipal de Arcos", "type": "rich"}