{"provider_url": "https://www.arcos.mg.leg.br", "title": "Publica\u00e7\u00f5es 2021", "html": "<p>\u00a0</p>\r\n<table class=\"tablelicitacao\">\r\n<tbody>\r\n<tr><th>T\u00cdTULO</th><th>DATA PUBLICA\u00c7\u00c3O</th></tr>\r\n<tr>\r\n<td>\r\n<h2><span><a title=\"\" href=\"https://www.arcos.mg.leg.br/publicacoes/anteriores/atas/atas-das-35a-36a-e-37a-sessoes-extraordinarias-de-2021\" class=\"internal-link\" target=\"_self\">Atas das 35\u00aa, 36\u00aa e 37\u00aa Sess\u00f5es Extraordin\u00e1rias de 2021</a></span></h2>\r\n</td>\r\n<td>\r\n<h2>28/12/2021</h2>\r\n</td>\r\n</tr>\r\n<tr>\r\n<td>\r\n<h2><span><a title=\"\" href=\"https://www.arcos.mg.leg.br/publicacoes/anteriores/reunioes-extraordinarias/anteriores/edital-de-convocacao-de-reunioes-extraordinarias-5\" class=\"internal-link\" target=\"_self\">Edital de Convoca\u00e7\u00e3o de Reuni\u00f5es Extraordin\u00e1rias</a></span></h2>\r\n</td>\r\n<td>\r\n<h2>27/12/2021</h2>\r\n</td>\r\n</tr>\r\n<tr>\r\n<td>\r\n<h2><span><a title=\"\" href=\"https://www.arcos.mg.leg.br/publicacoes/anteriores/atas/atas-das-33a-e-34a-sessoes-extraordinarias-de-2021\" class=\"internal-link\" target=\"_self\">Atas das 33\u00aa e 34\u00aa Sess\u00f5es Extraordin\u00e1rias de 2021</a></span></h2>\r\n</td>\r\n<td>\r\n<h2>17/12/2021</h2>\r\n</td>\r\n</tr>\r\n<tr>\r\n<td>\r\n<h2><span><a title=\"\" href=\"https://www.arcos.mg.leg.br/publicacoes/anteriores/reunioes-extraordinarias/anteriores/edital-de-convocacao-de-reunioes-extraordinarias-8\" class=\"internal-link\" target=\"_self\">EDITAL DE CONVOCA\u00c7\u00c3O DE REUNI\u00d5ES EXTRAORDIN\u00c1RIAS</a></span></h2>\r\n</td>\r\n<td>\r\n<h2>15/12/2021</h2>\r\n</td>\r\n</tr>\r\n<tr>\r\n<td>\r\n<h2><strong><a title=\"\" href=\"https://www.arcos.mg.leg.br/publicacoes/anteriores/pautas/pauta-da-40a-reuniao-ordinaria-da-sessao-legislativa-de-2021-a-ser-realizada-no-dia-13-de-dezembro-de-2021-1\" class=\"internal-link\" target=\"_self\">PAUTA DA 40\u00aa REUNI\u00c3O ORDIN\u00c1RIA DA SESS\u00c3O LEGISLATIVA DE 2021 A SER REALIZADA NO DIA 13 DE DEZEMBRO DE 2021.</a></strong></h2>\r\n</td>\r\n<td>\r\n<h2><strong>10/12/2021</strong></h2>\r\n</td>\r\n</tr>\r\n<tr>\r\n<td>\r\n<h2><span><a title=\"\" href=\"https://www.arcos.mg.leg.br/publicacoes/anteriores/reunioes-extraordinarias/anteriores/edital-de-convocacao-de-reuniao-extraordinaria-1\" class=\"internal-link\" target=\"_self\">EDITAL DE CONVOCA\u00c7\u00c3O DE REUNI\u00c3O EXTRAORDIN\u00c1RIA</a></span></h2>\r\n</td>\r\n<td>\r\n<h2>08/12/2021</h2>\r\n</td>\r\n</tr>\r\n<tr>\r\n<td>\r\n<h2><span><a title=\"\" href=\"https://www.arcos.mg.leg.br/publicacoes/anteriores/pautas/pauta-da-39a-reuniao-ordinaria-da-sessao-legislativa-de-2021-a-ser-realizada-no-dia-06-de-dezembro-de-2021\" class=\"internal-link\" target=\"_self\">PAUTA DA 39\u00aa REUNI\u00c3O ORDIN\u00c1RIA DA SESS\u00c3O LEGISLATIVA DE 2021 A SER REALIZADA NO DIA 06 DE DEZEMBRO DE 2021.</a></span></h2>\r\n</td>\r\n<td>\r\n<h2>03/12/2021</h2>\r\n</td>\r\n</tr>\r\n<tr>\r\n<td>\r\n<h2><span><a title=\"\" href=\"https://www.arcos.mg.leg.br/publicacoes/anteriores/reunioes-extraordinarias/anteriores/edital-de-convocacao-de-reuniao-extraordinaria-2\" class=\"internal-link\" target=\"_self\">EDITAL DE CONVOCA\u00c7\u00c3O DE REUNI\u00c3O EXTRAORDIN\u00c1RIA</a></span></h2>\r\n</td>\r\n<td>\r\n<h2>26/11/2021</h2>\r\n</td>\r\n</tr>\r\n<tr>\r\n<td>\r\n<h2><span><a title=\"\" href=\"https://www.arcos.mg.leg.br/publicacoes/anteriores/pautas/pauta-da-38a-reuniao-ordinaria-da-sessao-legislativa-de-2021-a-ser-realizada-no-dia-22-de-novembro-de-2021\" class=\"internal-link\" target=\"_self\">PAUTA DA 38\u00aa REUNI\u00c3O ORDIN\u00c1RIA DA SESS\u00c3O LEGISLATIVA DE 2021 A SER REALIZADA NO DIA 22 DE NOVEMBRO DE 2021.</a></span></h2>\r\n</td>\r\n<td>\r\n<h2>19/11/2021</h2>\r\n</td>\r\n</tr>\r\n<tr>\r\n<td>\r\n<h2><span><a title=\"\" href=\"https://www.arcos.mg.leg.br/publicacoes/anteriores/pautas/pauta-da-36a-reuniao-ordinaria-da-sessao-legislativa-de-2021-a-ser-realizada-no-dia-08-de-novembro-de-2021\" class=\"internal-link\" target=\"_self\">PAUTA DA 36\u00aa REUNI\u00c3O ORDIN\u00c1RIA DA SESS\u00c3O LEGISLATIVA DE 2021 A SER REALIZADA NO DIA 08 DE NOVEMBRO DE 2021.</a></span></h2>\r\n</td>\r\n<td>\r\n<h2>05/11/2021</h2>\r\n</td>\r\n</tr>\r\n<tr>\r\n<td>\r\n<h2></h2>\r\n<h2><span><a title=\"\" href=\"https://www.arcos.mg.leg.br/publicacoes/anteriores/pautas/pauta-da-35a-reuniao-ordinaria-da-sessao-legislativa-de-2021-a-ser-realizada-no-dia-03-de-novembro-de-2021\" class=\"internal-link\" target=\"_self\">PAUTA DA 35\u00aa REUNI\u00c3O ORDIN\u00c1RIA DA SESS\u00c3O LEGISLATIVA DE 2021 A SER REALIZADA NO DIA 03 DE NOVEMBRO DE 2021.</a></span></h2>\r\n<h2></h2>\r\n</td>\r\n<td>\r\n<h2>28/10/2021</h2>\r\n</td>\r\n</tr>\r\n<tr>\r\n<td>\r\n<h2><span><a title=\"\" href=\"https://www.arcos.mg.leg.br/publicacoes/anteriores/pautas/pauta-da-34a-reuniao-ordinaria-da-sessao-legislativa-de-2021-a-ser-realizada-no-dia-25-de-outubro-de-2021\" class=\"internal-link\" target=\"_self\">PAUTA DA 34\u00aa REUNI\u00c3O ORDIN\u00c1RIA DA SESS\u00c3O LEGISLATIVA DE 2021 A SER REALIZADA NO DIA 25 DE OUTUBRO DE 2021.</a></span></h2>\r\n<h2></h2>\r\n</td>\r\n<td>\r\n<h2>22/10/2021</h2>\r\n</td>\r\n</tr>\r\n<tr>\r\n<td>\r\n<h2><span><a title=\"\" href=\"https://www.arcos.mg.leg.br/publicacoes/anteriores/pautas/pauta-da-33a-reuniao-ordinaria-da-sessao-legislativa-de-2021-a-ser-realizada-no-dia-18-de-outubro-de-2021\" class=\"internal-link\" target=\"_self\">PAUTA DA 33\u00aa REUNI\u00c3O ORDIN\u00c1RIA DA SESS\u00c3O LEGISLATIVA DE 2021 A SER REALIZADA NO DIA 18 DE OUTUBRO DE 2021.</a></span></h2>\r\n<h2></h2>\r\n</td>\r\n<td>\r\n<h2>15/10/2021</h2>\r\n</td>\r\n</tr>\r\n<tr>\r\n<td>\r\n<h2><span><a title=\"\" href=\"https://www.arcos.mg.leg.br/publicacoes/anteriores/pautas/pauta-da-32a-reuniao-ordinaria-da-sessao-legislativa-de-2021-a-ser-realizada-no-dia-13-de-outubro-de-2021\" class=\"internal-link\" target=\"_self\">PAUTA DA 32\u00aa REUNI\u00c3O ORDIN\u00c1RIA DA SESS\u00c3O LEGISLATIVA DE 2021 A SER REALIZADA NO DIA 13 DE OUTUBRO DE 2021.</a></span></h2>\r\n</td>\r\n<td>\r\n<h2>08/10/2021</h2>\r\n</td>\r\n</tr>\r\n<tr>\r\n<td>\r\n<h2><span><a title=\"\" href=\"https://www.arcos.mg.leg.br/publicacoes/anteriores/reunioes-extraordinarias/anteriores/edital-de-convocacao-de-reunioes-extraordinarias-7\" class=\"internal-link\" target=\"_self\">EDITAL DE CONVOCA\u00c7\u00c3O DE REUNI\u00d5ES EXTRAORDIN\u00c1RIAS</a></span></h2>\r\n</td>\r\n<td>\r\n<h2>06/10/2021</h2>\r\n</td>\r\n</tr>\r\n<tr>\r\n<td>\r\n<h2><span><a title=\"\" href=\"https://www.arcos.mg.leg.br/publicacoes/anteriores/pautas/pauta-da-31a-reuniao-ordinaria-da-sessao-legislativa-de-2021-a-ser-realizada-no-dia-04-de-outubro-de-2021\" class=\"internal-link\" target=\"_self\">PAUTA DA 31\u00aa REUNI\u00c3O ORDIN\u00c1RIA DA SESS\u00c3O LEGISLATIVA DE 2021 A SER REALIZADA NO DIA 04 DE OUTUBRO DE 2021.</a></span></h2>\r\n</td>\r\n<td>\r\n<h2>01/10/2021</h2>\r\n</td>\r\n</tr>\r\n<tr>\r\n<td>\r\n<h2><span><a title=\"\" href=\"https://www.arcos.mg.leg.br/publicacoes/anteriores/pautas/pauta-da-30a-reuniao-ordinaria-da-sessao-legislativa-de-2021-a-ser-realizada-no-dia-27-de-setembro-de-2021\" class=\"internal-link\" target=\"_self\">PAUTA DA 30\u00aa REUNI\u00c3O ORDIN\u00c1RIA DA SESS\u00c3O LEGISLATIVA DE 2021 A SER REALIZADA NO DIA 27 DE SETEMBRO DE 2021.</a></span></h2>\r\n</td>\r\n<td>\r\n<h2>24/09/2021</h2>\r\n</td>\r\n</tr>\r\n<tr>\r\n<td>\r\n<h2><span><a title=\"\" href=\"https://www.arcos.mg.leg.br/publicacoes/anteriores/pautas/pauta-da-29a-reuniao-ordinaria-da-sessao-legislativa-de-2021-a-ser-realizada-no-dia-20-de-setembro-de-2021\" class=\"internal-link\" target=\"_self\">PAUTA DA 29\u00aa REUNI\u00c3O ORDIN\u00c1RIA DA SESS\u00c3O LEGISLATIVA DE 2021 A SER REALIZADA NO DIA 20 DE SETEMBRO DE 2021.</a></span></h2>\r\n</td>\r\n<td>\r\n<h2>17/09/2021</h2>\r\n</td>\r\n</tr>\r\n<tr>\r\n<td>\r\n<h2><span><a title=\"\" href=\"https://www.arcos.mg.leg.br/publicacoes/anteriores/pautas/pauta-da-28a-reuniao-ordinaria-da-sessao-legislativa-de-2021-a-ser-realizada-no-dia-13-de-setembro-de-2021\" class=\"internal-link\" target=\"_self\">PAUTA DA 28\u00aa REUNI\u00c3O ORDIN\u00c1RIA DA SESS\u00c3O LEGISLATIVA DE 2021 A SER REALIZADA NO DIA 13 DE SETEMBRO DE 2021.</a></span></h2>\r\n</td>\r\n<td>\r\n<h2>10/09/2021</h2>\r\n</td>\r\n</tr>\r\n<tr>\r\n<td>\r\n<h2><span><a title=\"\" href=\"https://www.arcos.mg.leg.br/publicacoes/anteriores/pautas/pauta-da-27a-reuniao-ordinaria-da-sessao-legislativa-de-2021-a-ser-realizada-no-dia-08-de-setembro-de-2021\" class=\"internal-link\" target=\"_self\">PAUTA DA 27\u00aa REUNI\u00c3O ORDIN\u00c1RIA DA SESS\u00c3O LEGISLATIVA DE 2021 A SER REALIZADA NO DIA 08 DE SETEMBRO DE 2021.</a></span></h2>\r\n</td>\r\n<td>\r\n<h2>03/09/2021</h2>\r\n</td>\r\n</tr>\r\n<tr>\r\n<td>\r\n<h2><span><a title=\"\" href=\"https://www.arcos.mg.leg.br/publicacoes/anteriores/pautas/pauta-da-26a-reuniao-ordinaria-da-sessao-legislativa-de-2021-a-ser-realizada-no-dia-23-de-agosto-de-2021\" class=\"internal-link\" target=\"_self\">PAUTA DA 26\u00aa REUNI\u00c3O ORDIN\u00c1RIA DA SESS\u00c3O LEGISLATIVA DE 2021 A SER REALIZADA NO DIA 23 DE AGOSTO DE 2021.</a></span></h2>\r\n</td>\r\n<td>\r\n<h2>20/08/2021</h2>\r\n</td>\r\n</tr>\r\n<tr>\r\n<td>\r\n<h2><span><a title=\"\" href=\"https://www.arcos.mg.leg.br/publicacoes/anteriores/audiencia-publica/anteriores/formulario-inscricao-para-perguntas-ou-sugestoes-audiencia-publica-no-001-2021\" class=\"internal-link\" target=\"_self\">FORMUL\u00c1RIO INSCRI\u00c7\u00c3O PARA PERGUNTAS OU SUGEST\u00d5ES Audi\u00eancia P\u00fablica n\u00ba 001/2021</a></span></h2>\r\n</td>\r\n<td>\r\n<h2>19/08/2021</h2>\r\n</td>\r\n</tr>\r\n<tr>\r\n<td>\r\n<h2><span><a title=\"\" href=\"https://www.arcos.mg.leg.br/publicacoes/anteriores/portarias/portaria-no-019-de-16-08-2021\" class=\"internal-link\" target=\"_self\">PORTARIA N\u00ba 019 DE 16/08/2021</a></span></h2>\r\n</td>\r\n<td>\r\n<h2>16/08/2021</h2>\r\n</td>\r\n</tr>\r\n<tr>\r\n<td>\r\n<h2><span><a title=\"\" href=\"https://www.arcos.mg.leg.br/publicacoes/anteriores/audiencia-publica/anteriores/aviso-audiencia-publica-no-001-2021\" class=\"internal-link\" target=\"_self\">AVISO: AUDI\u00caNCIA P\u00daBLICA N\u00ba 001/2021</a></span></h2>\r\n</td>\r\n<td>\r\n<h2>16/08/2021</h2>\r\n</td>\r\n</tr>\r\n<tr>\r\n<td>\r\n<h2><span><a title=\"\" href=\"https://www.arcos.mg.leg.br/publicacoes/anteriores/pautas/pauta-da-25a-reuniao-ordinaria-da-sessao-legislativa-de-2021-a-ser-realizada-no-dia-16-de-agosto-de-2021\" class=\"internal-link\" target=\"_self\">PAUTA DA 25\u00aa REUNI\u00c3O ORDIN\u00c1RIA DA SESS\u00c3O LEGISLATIVA DE 2021 A SER REALIZADA NO DIA 16 DE AGOSTO DE 2021.</a></span></h2>\r\n</td>\r\n<td>\r\n<h2>13/08/2021</h2>\r\n</td>\r\n</tr>\r\n<tr>\r\n<td>\r\n<h2></h2>\r\n<h2><span><a title=\"\" href=\"https://www.arcos.mg.leg.br/publicacoes/anteriores/pautas/pauta-da-24a-reuniao-ordinaria-da-sessao-legislativa-de-2021-a-ser-realizada-no-dia-09-de-agosto-de-2021\" class=\"internal-link\" target=\"_self\">PAUTA DA 24\u00aa REUNI\u00c3O ORDIN\u00c1RIA DA SESS\u00c3O LEGISLATIVA DE 2021 A SER REALIZADA NO DIA 09 DE AGOSTO DE 2021.</a></span></h2>\r\n<h2></h2>\r\n</td>\r\n<td>\r\n<h2>06/08/2021</h2>\r\n</td>\r\n</tr>\r\n<tr>\r\n<td>\r\n<h2><span><a title=\"\" href=\"https://www.arcos.mg.leg.br/publicacoes/anteriores/pautas/pauta-da-23a-reuniao-ordinaria-da-sessao-legislativa-de-2021-a-ser-realizada-no-dia-02-de-agosto-de-2021\" class=\"internal-link\" target=\"_self\">PAUTA DA 23\u00aa REUNI\u00c3O ORDIN\u00c1RIA DA SESS\u00c3O LEGISLATIVA DE 2021 A SER REALIZADA NO DIA 02 DE AGOSTO DE 2021.</a></span></h2>\r\n<h2></h2>\r\n</td>\r\n<td>\r\n<h2>30/07/2021</h2>\r\n</td>\r\n</tr>\r\n<tr>\r\n<td>\r\n<h2><span><a title=\"\" href=\"https://www.arcos.mg.leg.br/publicacoes/anteriores/reunioes-extraordinarias/anteriores/edital-de-convocacao-de-reunioes-extraordinarias-1\" class=\"internal-link\" target=\"_self\">EDITAL DE CONVOCA\u00c7\u00c3O DE REUNI\u00d5ES EXTRAORDIN\u00c1RIAS</a></span></h2>\r\n<h2></h2>\r\n</td>\r\n<td>\r\n<h2>29/07/2021</h2>\r\n</td>\r\n</tr>\r\n<tr>\r\n<td>\r\n<h2><span><a title=\"\" href=\"https://www.arcos.mg.leg.br/publicacoes/anteriores/outros/edital-procedimentos-de-inscricao-e-selecao-dos-membros-da-subcomissao-tecnica\" class=\"internal-link\" target=\"_self\">EDITAL - PROCEDIMENTOS DE INSCRI\u00c7\u00c3O E SELE\u00c7\u00c3O DOS MEMBROS DA SUBCOMISS\u00c3O T\u00c9CNICA</a></span></h2>\r\n<h2></h2>\r\n</td>\r\n<td>\r\n<h2>26/07/2021</h2>\r\n</td>\r\n</tr>\r\n<tr>\r\n<td>\r\n<h2><span><a title=\"\" href=\"https://www.arcos.mg.leg.br/publicacoes/anteriores/outros/ficha-de-inscricao-sorteio-dos-membros-da-subcomissao-tecnica\" class=\"internal-link\" target=\"_self\">FICHA DE INSCRI\u00c7\u00c3O - SORTEIO DOS MEMBROS DA SUBCOMISS\u00c3O T\u00c9CNICA</a></span></h2>\r\n</td>\r\n<td>\r\n<h2>26/07/2021</h2>\r\n</td>\r\n</tr>\r\n<tr>\r\n<td>\r\n<h2><span><a title=\"\" href=\"https://www.arcos.mg.leg.br/publicacoes/anteriores/outros/procedimentos-de-inscricao-e-selecao-dos-membros-da-subcomissao-tecnica\" class=\"internal-link\" target=\"_self\">PROCEDIMENTOS DE INSCRI\u00c7\u00c3O E SELE\u00c7\u00c3O DOS MEMBROS DA SUBCOMISS\u00c3O T\u00c9CNICA</a></span></h2>\r\n</td>\r\n<td>\r\n<h2>26/07/2021</h2>\r\n</td>\r\n</tr>\r\n<tr>\r\n<td>\r\n<h2><span><a title=\"\" href=\"https://www.arcos.mg.leg.br/publicacoes/anteriores/reunioes-extraordinarias/anteriores/edital-de-convocacao-de-reunioes-extraordinarias-2\" class=\"internal-link\" target=\"_self\">EDITAL DE CONVOCA\u00c7\u00c3O DE REUNI\u00d5ES EXTRAORDIN\u00c1RIAS</a></span></h2>\r\n</td>\r\n<td>\r\n<h2>12/07/2021</h2>\r\n</td>\r\n</tr>\r\n<tr>\r\n<td>\r\n<h2><span><a title=\"\" href=\"https://www.arcos.mg.leg.br/publicacoes/anteriores/aviso-de-julgamento/aviso-julgamento-das-contas-do-poder-executivo-municipal-de-arcos-exercicio-de-2019\" class=\"internal-link\" target=\"_self\">AVISO: JULGAMENTO DAS CONTAS DO PODER EXECUTIVO MUNICIPAL DE ARCOS (EXERC\u00cdCIO DE 2019)</a></span></h2>\r\n</td>\r\n<td>\r\n<h2>12/07/2021</h2>\r\n</td>\r\n</tr>\r\n<tr>\r\n<td>\r\n<h2><span><a title=\"\" href=\"https://www.arcos.mg.leg.br/publicacoes/anteriores/pautas/pauta-da-22a-reuniao-ordinaria-da-sessao-legislativa-de-2021-a-ser-realizada-no-dia-12-de-julho-de-2021\" class=\"internal-link\" target=\"_self\">PAUTA DA 22\u00aa REUNI\u00c3O ORDIN\u00c1RIA DA SESS\u00c3O LEGISLATIVA DE 2021 A SER REALIZADA NO DIA 12 DE JULHO DE 2021.</a></span></h2>\r\n</td>\r\n<td>\r\n<h2>09/07/2021</h2>\r\n</td>\r\n</tr>\r\n<tr>\r\n<td>\r\n<h2><span><a title=\"\" href=\"https://www.arcos.mg.leg.br/publicacoes/anteriores/outros/plano-de-retomada-aulas-presenciais\" class=\"internal-link\" target=\"_self\">Plano de Retomada Aulas Presenciais</a></span></h2>\r\n</td>\r\n<td>\r\n<h2>05/07/2021</h2>\r\n</td>\r\n</tr>\r\n<tr>\r\n<td>\r\n<h2><strong><a title=\"\" href=\"https://www.arcos.mg.leg.br/publicacoes/anteriores/outros/protocolo-sanitario-de-retorno-as-atividades-escolares-presenciais\" class=\"internal-link\" target=\"_self\">PROTOCOLO SANIT\u00c1RIO DE RETORNO \u00c0S ATIVIDADES ESCOLARES PRESENCIAIS</a></strong></h2>\r\n</td>\r\n<td>\r\n<h2>05/07/2021</h2>\r\n</td>\r\n</tr>\r\n<tr>\r\n<td>\r\n<h2><span><a title=\"\" href=\"https://www.arcos.mg.leg.br/publicacoes/anteriores/pautas/pauta-da-21a-reuniao-ordinaria-da-sessao-legislativa-de-2021-a-ser-realizada-no-dia-05-de-julho-de-2021\" class=\"internal-link\" target=\"_self\">PAUTA DA 21\u00aa REUNI\u00c3O ORDIN\u00c1RIA DA SESS\u00c3O LEGISLATIVA DE 2021 A SER REALIZADA NO DIA 05 DE JULHO DE 2021.</a></span></h2>\r\n</td>\r\n<td>\r\n<h2>02/07/2021</h2>\r\n</td>\r\n</tr>\r\n<tr>\r\n<td>\r\n<h2><span><a title=\"\" href=\"https://www.arcos.mg.leg.br/publicacoes/anteriores/outros/funcionamento-do-setor-de-epidemiologia-do-municipio-acoes-realizadas-e-a-situacao-da-dengue-e-201cchikungunya201d-em-arcos\" class=\"internal-link\" target=\"_self\">Funcionamento do setor de epidemiologia do munic\u00edpio, a\u00e7\u00f5es realizadas e a situa\u00e7\u00e3o da dengue e \u201cchikungunya\u201d em Arcos</a></span></h2>\r\n</td>\r\n<td>\r\n<h2>28/06/2021</h2>\r\n</td>\r\n</tr>\r\n<tr>\r\n<td>\r\n<h2><span><a title=\"\" href=\"https://www.arcos.mg.leg.br/publicacoes/anteriores/pautas/pauta-da-20a-reuniao-ordinaria-da-sessao-legislativa-de-2021-a-ser-realizada-no-dia-28-junho-de-2021\" class=\"internal-link\" target=\"_self\">PAUTA DA 20\u00aa REUNI\u00c3O ORDIN\u00c1RIA DA SESS\u00c3O LEGISLATIVA DE 2021 A SER REALIZADA NO DIA 28 JUNHO DE 2021.</a></span></h2>\r\n</td>\r\n<td>\r\n<h2>25/06/2021</h2>\r\n</td>\r\n</tr>\r\n<tr>\r\n<td>\r\n<h2><span><a title=\"\" href=\"https://www.arcos.mg.leg.br/publicacoes/anteriores/instrucao-normativa/instrucao-normativa-ndeg-01-2021\" class=\"internal-link\" target=\"_self\">INSTRU\u00c7\u00c3O NORMATIVA N\u00b0 01/2021</a></span></h2>\r\n</td>\r\n<td>\r\n<h2>22/06/2021</h2>\r\n</td>\r\n</tr>\r\n<tr>\r\n<td>\r\n<h2><span><a title=\"\" href=\"https://www.arcos.mg.leg.br/publicacoes/anteriores/outros/relatorio-de-implantacao-10-leitos-uti-30-leitos-clinicos-covid-19-15-03-21-a-15-06-21-santa-casa-de-arcos\" class=\"internal-link\" target=\"_self\">Relat\u00f3rio de Implanta\u00e7\u00e3o 10 Leitos UTI/30 Leitos Cl\u00ednicos Covid-19 15-03-21 a 15-06-21 Santa Casa de Arcos</a></span></h2>\r\n</td>\r\n<td>\r\n<h2>21/06/2021</h2>\r\n</td>\r\n</tr>\r\n<tr>\r\n<td>\r\n<h2><span><a title=\"\" href=\"https://www.arcos.mg.leg.br/publicacoes/anteriores/pautas/pauta-da-19a-reuniao-ordinaria-da-sessao-legislativa-de-2021-a-ser-realizada-no-dia-21-junho-de-2021\" class=\"internal-link\" target=\"_self\">PAUTA DA 19\u00aa REUNI\u00c3O ORDIN\u00c1RIA DA SESS\u00c3O LEGISLATIVA DE 2021 A SER REALIZADA NO DIA 21 JUNHO DE 2021.</a></span></h2>\r\n</td>\r\n<td>\r\n<h2>18/06/2021</h2>\r\n</td>\r\n</tr>\r\n<tr>\r\n<td>\r\n<h2><span><a title=\"\" href=\"https://www.arcos.mg.leg.br/publicacoes/anteriores/pautas/pauta-da-18a-reuniao-ordinaria-da-sessao-legislativa-de-2021-a-ser-realizada-no-dia-14-junho-de-2021\" class=\"internal-link\" target=\"_self\">PAUTA DA 18\u00aa REUNI\u00c3O ORDIN\u00c1RIA DA SESS\u00c3O LEGISLATIVA DE 2021 A SER REALIZADA NO DIA 14 JUNHO DE 2021.</a></span></h2>\r\n</td>\r\n<td>\r\n<h2>11/06/2021</h2>\r\n</td>\r\n</tr>\r\n<tr>\r\n<td>\r\n<h2><span><a title=\"\" href=\"https://www.arcos.mg.leg.br/publicacoes/anteriores/atas/ata-da-decima-sexta-reuniao-ordinaria-realizada-no-dia-24-de-maio-de-2021\" class=\"internal-link\" target=\"_self\">Ata da D\u00e9cima Sexta Reuni\u00e3o Ordin\u00e1ria realizada no dia 24 de maio de 2021</a></span></h2>\r\n</td>\r\n<td>\r\n<h2>08/06/2021</h2>\r\n</td>\r\n</tr>\r\n<tr>\r\n<td>\r\n<h2><span><a title=\"\" href=\"https://www.arcos.mg.leg.br/publicacoes/anteriores/pautas/pauta-da-17a-reuniao-ordinaria-da-sessao-legislativa-de-2021-a-ser-realizada-no-dia-07-junho-de-2021\" class=\"internal-link\" target=\"_self\">PAUTA DA 17\u00aa REUNI\u00c3O ORDIN\u00c1RIA DA SESS\u00c3O LEGISLATIVA DE 2021 A SER REALIZADA NO DIA 07 JUNHO DE 2021.</a></span></h2>\r\n</td>\r\n<td>\r\n<h2>04/06/2021</h2>\r\n</td>\r\n</tr>\r\n<tr>\r\n<td>\r\n<h2></h2>\r\n<h2><span><a title=\"\" href=\"https://www.arcos.mg.leg.br/publicacoes/anteriores/pautas/pauta-da-16a-reuniao-ordinaria-da-sessao-legislativa-de-2021-a-ser-realizada-no-dia-24-de-maio-de-2021\" class=\"internal-link\" target=\"_self\">PAUTA DA 16\u00aa REUNI\u00c3O ORDIN\u00c1RIA DA SESS\u00c3O LEGISLATIVA DE 2021 A SER REALIZADA NO DIA 24 DE MAIO DE 2021.</a></span></h2>\r\n<h2></h2>\r\n</td>\r\n<td>\r\n<h2>20/05/2021</h2>\r\n</td>\r\n</tr>\r\n<tr>\r\n<td>\r\n<h2><span><a title=\"\" href=\"https://www.arcos.mg.leg.br/publicacoes/anteriores/atas/ata-da-decima-quinta-reuniao-ordinaria-realizada-no-dia-17-de-maio-de-2021\" class=\"internal-link\" target=\"_self\">Ata da D\u00e9cima Quinta Reuni\u00e3o Ordin\u00e1ria realizada no dia 17 de maio de 2021</a></span></h2>\r\n<h2></h2>\r\n</td>\r\n<td>\r\n<h2>20/05/2021</h2>\r\n</td>\r\n</tr>\r\n<tr>\r\n<td>\r\n<h2><span><a title=\"\" href=\"https://www.arcos.mg.leg.br/publicacoes/anteriores/atas/ata-da-decima-quarta-reuniao-ordinaria-realizada-no-dia-10-de-maio-de-2021\" class=\"internal-link\" target=\"_self\">Ata da D\u00e9cima Quarta Reuni\u00e3o Ordin\u00e1ria realizada no dia 10 de maio de 2021</a></span></h2>\r\n<h2></h2>\r\n</td>\r\n<td>\r\n<h2>14/05/2021</h2>\r\n</td>\r\n</tr>\r\n<tr>\r\n<td>\r\n<h2><span><a title=\"\" href=\"https://www.arcos.mg.leg.br/publicacoes/anteriores/pautas/pauta-da-15a-reuniao-ordinaria-da-sessao-legislativa-de-2021-a-ser-realizada-no-dia-17-de-maio-de-2021\" class=\"internal-link\" target=\"_self\">PAUTA DA 15\u00aa REUNI\u00c3O ORDIN\u00c1RIA DA SESS\u00c3O LEGISLATIVA DE 2021 A SER REALIZADA NO DIA 17 DE MAIO DE 2021.</a></span></h2>\r\n<h2></h2>\r\n</td>\r\n<td>\r\n<h2>14/05/2021</h2>\r\n</td>\r\n</tr>\r\n<tr>\r\n<td>\r\n<h2><span><a title=\"\" href=\"https://www.arcos.mg.leg.br/publicacoes/anteriores/prestacao-de-contas/aviso-prestacao-de-contas-de-2019\" class=\"internal-link\" target=\"_self\">AVISO: PRESTA\u00c7\u00c3O DE CONTAS DE 2019</a></span></h2>\r\n<h2></h2>\r\n</td>\r\n<td>\r\n<h2>11/05/2021</h2>\r\n</td>\r\n</tr>\r\n<tr>\r\n<td>\r\n<h2><span><a title=\"\" href=\"https://www.arcos.mg.leg.br/publicacoes/anteriores/atas/ata-da-decima-terceira-reuniao-ordinaria-realizada-no-dia-03-de-maio-de-2021\" class=\"internal-link\" target=\"_self\">Ata da D\u00e9cima Terceira Reuni\u00e3o Ordin\u00e1ria realizada no dia 03 de maio de 2021</a></span></h2>\r\n<h2></h2>\r\n</td>\r\n<td>\r\n<h2>11/05/2021</h2>\r\n</td>\r\n</tr>\r\n<tr>\r\n<td>\r\n<h2><span><a title=\"\" href=\"https://www.arcos.mg.leg.br/publicacoes/anteriores/pautas/pauta-da-14a-reuniao-ordinaria-da-sessao-legislativa-de-2021-a-ser-realizada-no-dia-10-de-maio-de-2021\" class=\"internal-link\" target=\"_self\">PAUTA DA 14\u00aa REUNI\u00c3O ORDIN\u00c1RIA DA SESS\u00c3O LEGISLATIVA DE 2021 A SER REALIZADA NO DIA 10 DE MAIO DE 2021.</a></span></h2>\r\n<h2></h2>\r\n</td>\r\n<td>\r\n<h2>07/05/2021</h2>\r\n</td>\r\n</tr>\r\n<tr>\r\n<td>\r\n<h2><span><a title=\"\" href=\"https://www.arcos.mg.leg.br/publicacoes/anteriores/atas/ata-da-decima-segunda-reuniao-ordinaria-realizada-no-dia-26-de-abril-de-2021\" class=\"internal-link\" target=\"_self\">Ata da D\u00e9cima Segunda Reuni\u00e3o Ordin\u00e1ria realizada no dia 26 de abril de 2021</a></span></h2>\r\n<h2></h2>\r\n</td>\r\n<td>\r\n<h2>04/05/2021</h2>\r\n</td>\r\n</tr>\r\n<tr>\r\n<td>\r\n<h2><span><a title=\"\" href=\"https://www.arcos.mg.leg.br/publicacoes/anteriores/pautas/pauta-da-13a-reuniao-ordinaria-da-sessao-legislativa-de-2021-a-ser-realizada-no-dia-03-de-maio-de-2021\" class=\"internal-link\" target=\"_self\">PAUTA DA 13\u00aa REUNI\u00c3O ORDIN\u00c1RIA DA SESS\u00c3O LEGISLATIVA DE 2021 A SER REALIZADA NO DIA 03 DE MAIO DE 2021.</a></span></h2>\r\n<h2></h2>\r\n</td>\r\n<td>\r\n<h2>30/04/2021</h2>\r\n</td>\r\n</tr>\r\n<tr>\r\n<td>\r\n<h2><span><a title=\"\" href=\"https://www.arcos.mg.leg.br/publicacoes/anteriores/atas/ata-da-decima-primeira-reuniao-ordinaria-realizada-no-dia-19-de-abril-de-2021\" class=\"internal-link\" target=\"_self\">Ata da D\u00e9cima Primeira Reuni\u00e3o Ordin\u00e1ria realizada no dia 19 de abril de 2021</a></span></h2>\r\n<h2></h2>\r\n</td>\r\n<td>\r\n<h2>27/04/2021</h2>\r\n</td>\r\n</tr>\r\n<tr>\r\n<td>\r\n<h2></h2>\r\n<h2><span><a title=\"\" href=\"https://www.arcos.mg.leg.br/publicacoes/anteriores/pautas/pauta-da-12a-reuniao-ordinaria-da-sessao-legislativa-de-2021-a-ser-realizada-no-dia-26-de-abril-de-2021\" class=\"internal-link\" target=\"_self\">PAUTA DA 12\u00aa REUNI\u00c3O ORDIN\u00c1RIA DA SESS\u00c3O LEGISLATIVA DE 2021 A SER REALIZADA NO DIA 26 DE ABRIL DE 2021.</a></span></h2>\r\n<h2></h2>\r\n</td>\r\n<td>\r\n<h2>23/04/2021</h2>\r\n</td>\r\n</tr>\r\n<tr>\r\n<td>\r\n<h2><span><a title=\"\" href=\"https://www.arcos.mg.leg.br/publicacoes/anteriores/atas/ata-da-decima-reuniao-ordinaria-realizada-no-dia-12-de-abril-de-2021\" class=\"internal-link\" target=\"_self\">Ata da D\u00e9cima Reuni\u00e3o Ordin\u00e1ria realizada no dia 12 de abril de 2021</a></span></h2>\r\n<h2></h2>\r\n</td>\r\n<td>\r\n<h2>20/04/2021</h2>\r\n</td>\r\n</tr>\r\n<tr>\r\n<td>\r\n<h2><span><a title=\"\" href=\"https://www.arcos.mg.leg.br/publicacoes/anteriores/pautas/pauta-da-11a-reuniao-ordinaria-da-sessao-legislativa-de-2021-a-ser-realizada-no-dia-19-de-abril-de-2021\" class=\"internal-link\" target=\"_self\">PAUTA DA 11\u00aa REUNI\u00c3O ORDIN\u00c1RIA DA SESS\u00c3O LEGISLATIVA DE 2021 A SER REALIZADA NO DIA 19 DE ABRIL DE 2021.</a></span></h2>\r\n<h2></h2>\r\n</td>\r\n<td>\r\n<h2>16/04/2021</h2>\r\n</td>\r\n</tr>\r\n<tr>\r\n<td>\r\n<h2><span><a title=\"\" href=\"https://www.arcos.mg.leg.br/publicacoes/anteriores/atas/ata-da-nona-reuniao-ordinaria-realizada-no-dia-05-de-abril-de-2021\" class=\"internal-link\" target=\"_self\">Ata da Nona Reuni\u00e3o Ordin\u00e1ria realizada no dia 05 de abril de 2021</a></span></h2>\r\n<h2></h2>\r\n</td>\r\n<td>\r\n<h2>14/04/2021</h2>\r\n</td>\r\n</tr>\r\n<tr>\r\n<td>\r\n<h2><span><a title=\"\" href=\"https://www.arcos.mg.leg.br/publicacoes/anteriores/atas/ata-da-oitava-reuniao-ordinaria-realizada-no-dia-22-de-marco-de-2021\" class=\"internal-link\" target=\"_self\">Ata da Oitava Reuni\u00e3o Ordin\u00e1ria realizada no dia 22 de mar\u00e7o de 2021</a></span></h2>\r\n<h2></h2>\r\n</td>\r\n<td>\r\n<h2>14/04/2021</h2>\r\n</td>\r\n</tr>\r\n<tr>\r\n<td>\r\n<h2><span><a title=\"\" href=\"https://www.arcos.mg.leg.br/publicacoes/anteriores/atas/ata-da-setima-reuniao-ordinaria-realizada-no-dia-15-de-marco-de-2021\" class=\"internal-link\" target=\"_self\">Ata da S\u00e9tima Reuni\u00e3o Ordin\u00e1ria realizada no dia 15 de mar\u00e7o de 2021</a></span></h2>\r\n<h2></h2>\r\n</td>\r\n<td>\r\n<h2>14/04/2021</h2>\r\n</td>\r\n</tr>\r\n<tr>\r\n<td>\r\n<h2><span><a title=\"\" href=\"https://www.arcos.mg.leg.br/publicacoes/anteriores/pautas/pauta-da-10a-reuniao-ordinaria-da-sessao-legislativa-de-2021-a-ser-realizada-no-dia-12-de-abril-de-2021\" class=\"internal-link\" target=\"_self\">PAUTA DA 10\u00aa REUNI\u00c3O ORDIN\u00c1RIA DA SESS\u00c3O LEGISLATIVA DE 2021 A SER REALIZADA NO DIA 12 DE ABRIL DE 2021.</a></span></h2>\r\n<h2></h2>\r\n</td>\r\n<td>\r\n<h2>09/04/2021</h2>\r\n</td>\r\n</tr>\r\n<tr>\r\n<td>\r\n<h2><span><a title=\"\" href=\"https://www.arcos.mg.leg.br/publicacoes/anteriores/portarias/portaria-no-16-de-2021\" class=\"internal-link\" target=\"_self\">PORTARIA N\u00ba 16 DE 2021</a></span></h2>\r\n<h2></h2>\r\n</td>\r\n<td>\r\n<h2>06/04/2021</h2>\r\n</td>\r\n</tr>\r\n<tr>\r\n<td>\r\n<h2><span><a title=\"\" href=\"https://www.arcos.mg.leg.br/publicacoes/anteriores/pautas/pauta-da-09a-reuniao-ordinaria-da-sessao-legislativa-de-2021-a-ser-realizada-no-dia-05-de-abril-de-2021\" class=\"internal-link\" target=\"_self\">PAUTA DA 09\u00aa REUNI\u00c3O ORDIN\u00c1RIA DA SESS\u00c3O LEGISLATIVA DE 2021 A SER REALIZADA NO DIA 05 DE ABRIL DE 2021.</a></span></h2>\r\n<h2></h2>\r\n</td>\r\n<td>\r\n<h2>31/03/2021</h2>\r\n</td>\r\n</tr>\r\n<tr>\r\n<td>\r\n<h2><span><a title=\"\" href=\"https://www.arcos.mg.leg.br/publicacoes/anteriores/pautas/pauta-da-08a-reuniao-ordinaria-da-sessao-legislativa-de-2021-a-ser-realizada-no-dia-22-de-marco-de-2021\" class=\"internal-link\" target=\"_self\">PAUTA DA 08\u00aa REUNI\u00c3O ORDIN\u00c1RIA DA SESS\u00c3O LEGISLATIVA DE 2021 A SER REALIZADA NO DIA 22 DE MAR\u00c7O DE 2021.</a></span></h2>\r\n<h2></h2>\r\n</td>\r\n<td>\r\n<h2>19/03/2021</h2>\r\n</td>\r\n</tr>\r\n<tr>\r\n<td>\r\n<h2></h2>\r\n<h2><span><a title=\"\" href=\"https://www.arcos.mg.leg.br/publicacoes/anteriores/atas/ata-da-sexta-reuniao-ordinaria-realizada-no-dia-oito-de-marco-de-2021\" class=\"internal-link\" target=\"_self\">Ata da Sexta Reuni\u00e3o Ordin\u00e1ria realizada no dia oito de mar\u00e7o de 2021</a></span></h2>\r\n<h2></h2>\r\n</td>\r\n<td>\r\n<h2>17/03/2021</h2>\r\n</td>\r\n</tr>\r\n<tr>\r\n<td>\r\n<h2><span><a title=\"\" href=\"https://www.arcos.mg.leg.br/publicacoes/anteriores/pautas/pauta-da-07a-reuniao-ordinaria-da-sessao-legislativa-de-2021-a-ser-realizada-no-dia-15-de-marco-de-2021\" class=\"internal-link\" target=\"_self\">PAUTA DA 07\u00aa REUNI\u00c3O ORDIN\u00c1RIA DA SESS\u00c3O LEGISLATIVA DE 2021 A SER REALIZADA NO DIA 15 DE MAR\u00c7O DE 2021.</a></span></h2>\r\n<h2></h2>\r\n</td>\r\n<td>\r\n<h2>12/03/2021</h2>\r\n</td>\r\n</tr>\r\n<tr>\r\n<td>\r\n<h2><span><a title=\"\" href=\"https://www.arcos.mg.leg.br/publicacoes/anteriores/atas/ata-da-quinta-reuniao-ordinaria-realizada-no-dia-primeiro-de-marco-de-2021\" class=\"internal-link\" target=\"_self\">Ata da Quinta Reuni\u00e3o Ordin\u00e1ria realizada no dia primeiro de mar\u00e7o de 2021</a></span></h2>\r\n<h2></h2>\r\n</td>\r\n<td>\r\n<h2>11/03/2021</h2>\r\n</td>\r\n</tr>\r\n<tr>\r\n<td>\r\n<h2><span><a title=\"\" href=\"https://www.arcos.mg.leg.br/publicacoes/anteriores/pautas/pauta-da-06a-reuniao-ordinaria-da-sessao-legislativa-de-2021-a-ser-realizada-no-dia-08-de-marco-de-2021\" class=\"internal-link\" target=\"_self\">PAUTA DA 06\u00aa REUNI\u00c3O ORDIN\u00c1RIA DA SESS\u00c3O LEGISLATIVA DE 2021 A SER REALIZADA NO DIA 08 DE MAR\u00c7O DE 2021.</a></span></h2>\r\n<h2></h2>\r\n</td>\r\n<td>\r\n<h2>05/03/2021</h2>\r\n</td>\r\n</tr>\r\n<tr>\r\n<td>\r\n<h2><span><a title=\"\" href=\"https://www.arcos.mg.leg.br/publicacoes/anteriores/atas/ata-da-segunda-reuniao-ordinaria-realizada-no-dia-22-de-fevereiro-de-2021\" class=\"internal-link\" target=\"_self\">Ata da Segunda Reuni\u00e3o Ordin\u00e1ria realizada no dia 22 de fevereiro de 2021</a></span></h2>\r\n<h2></h2>\r\n</td>\r\n<td>\r\n<h2>02/03/2021</h2>\r\n</td>\r\n</tr>\r\n<tr>\r\n<td>\r\n<h2><span><a title=\"\" href=\"https://www.arcos.mg.leg.br/publicacoes/anteriores/pautas/pauta-da-05a-reuniao-ordinaria-da-sessao-legislativa-de-2021-a-ser-realizada-no-dia-01-de-marco-de-2021\" class=\"internal-link\" target=\"_self\">PAUTA DA 05\u00aa REUNI\u00c3O ORDIN\u00c1RIA DA SESS\u00c3O LEGISLATIVA DE 2021 A SER REALIZADA NO DIA 01 DE MAR\u00c7O DE 2021.</a></span></h2>\r\n<h2></h2>\r\n</td>\r\n<td>\r\n<h2>26/02/2021</h2>\r\n</td>\r\n</tr>\r\n<tr>\r\n<td>\r\n<h2><span><a title=\"\" href=\"https://www.arcos.mg.leg.br/publicacoes/anteriores/atas/ata-da-segunda-reuniao-ordinaria-realizada-no-dia-15-de-fevereiro-de-2021\" class=\"internal-link\" target=\"_self\">Ata da Segunda Reuni\u00e3o Ordin\u00e1ria realizada no dia 15 de fevereiro de 2021</a></span></h2>\r\n<h2></h2>\r\n</td>\r\n<td>\r\n<h2>24/02/2021</h2>\r\n</td>\r\n</tr>\r\n<tr>\r\n<td>\r\n<h2><span><a title=\"\" href=\"https://www.arcos.mg.leg.br/publicacoes/anteriores/pautas/pauta-da-04a-reuniao-ordinaria-da-sessao-legislativa-de-2021-a-ser-realizada-no-dia-22-de-fevereiro-de-2021\" class=\"internal-link\" target=\"_self\">PAUTA DA 04\u00aa REUNI\u00c3O ORDIN\u00c1RIA DA SESS\u00c3O LEGISLATIVA DE 2021 A SER REALIZADA NO DIA 22 DE FEVEREIRO DE 2021.</a></span></h2>\r\n<h2></h2>\r\n</td>\r\n<td>\r\n<h2>19/02/2021</h2>\r\n</td>\r\n</tr>\r\n<tr>\r\n<td>\r\n<h2><span><a title=\"\" href=\"https://www.arcos.mg.leg.br/publicacoes/anteriores/pautas/pauta-da-03a-reuniao-ordinaria-da-sessao-legislativa-de-2021-a-ser-realizada-no-dia-15-de-fevereiro-de-2021\" class=\"internal-link\" target=\"_self\">PAUTA DA 03\u00aa REUNI\u00c3O ORDIN\u00c1RIA DA SESS\u00c3O LEGISLATIVA DE 2021 A SER REALIZADA NO DIA 15 DE FEVEREIRO DE 2021.</a></span></h2>\r\n<h2></h2>\r\n</td>\r\n<td>\r\n<h2>12/02/2021</h2>\r\n</td>\r\n</tr>\r\n<tr>\r\n<td>\r\n<h2><span><a title=\"\" href=\"https://www.arcos.mg.leg.br/publicacoes/anteriores/portarias/portaria-no-15-de-2021\" class=\"internal-link\" target=\"_self\">PORTARIA N\u00ba 15 DE 2021</a></span></h2>\r\n<h2></h2>\r\n</td>\r\n<td>\r\n<h2>08/02/2021</h2>\r\n</td>\r\n</tr>\r\n<tr>\r\n<td>\r\n<h2></h2>\r\n<h2><span><a title=\"\" href=\"https://www.arcos.mg.leg.br/publicacoes/anteriores/pautas/pauta-da-2a-reuniao-ordinaria-da-sessao-legislativa-de-2021-a-ser-realizada-no-dia-08-de-fevereiro-de-2021\" class=\"internal-link\" target=\"_self\">PAUTA DA 2\u00aa REUNI\u00c3O ORDIN\u00c1RIA DA SESS\u00c3O LEGISLATIVA DE 2021 A SER REALIZADA NO DIA 08 DE FEVEREIRO DE 2021.</a></span></h2>\r\n<h2></h2>\r\n</td>\r\n<td>\r\n<h2>05/02/2021</h2>\r\n</td>\r\n</tr>\r\n<tr>\r\n<td>\r\n<h2><span><a title=\"\" href=\"https://www.arcos.mg.leg.br/publicacoes/anteriores/portarias/portaria-no-14-de-2021\" class=\"internal-link\" target=\"_self\">PORTARIA N\u00ba 14 DE 2021</a></span></h2>\r\n<h2></h2>\r\n</td>\r\n<td>\r\n<h2>01/02/2021</h2>\r\n</td>\r\n</tr>\r\n<tr>\r\n<td>\r\n<h2><span><a title=\"\" href=\"https://www.arcos.mg.leg.br/publicacoes/anteriores/portarias/portaria-no-13-de-2021\" class=\"internal-link\" target=\"_self\">PORTARIA N\u00ba 13 DE 2021</a></span></h2>\r\n<h2></h2>\r\n</td>\r\n<td>\r\n<h2>01/02/2021</h2>\r\n</td>\r\n</tr>\r\n<tr>\r\n<td>\r\n<h2><span><a title=\"\" href=\"https://www.arcos.mg.leg.br/publicacoes/anteriores/pautas/pauta-da-1a-reuniao-ordinaria-da-sessao-legislativa-de-2021-a-ser-realizada-no-dia-01-de-fevereiro-de-2021\" class=\"internal-link\" target=\"_self\">PAUTA DA 1\u00aa REUNI\u00c3O ORDIN\u00c1RIA DA SESS\u00c3O LEGISLATIVA DE 2021 A SER REALIZADA NO DIA 01 DE FEVEREIRO DE 2021.</a></span></h2>\r\n<h2></h2>\r\n</td>\r\n<td>\r\n<h2>29/01/2021</h2>\r\n</td>\r\n</tr>\r\n<tr>\r\n<td>\r\n<h2><span><a title=\"\" href=\"https://www.arcos.mg.leg.br/publicacoes/anteriores/portarias/portaria-no-12-de-2021\" class=\"internal-link\" target=\"_self\">PORTARIA N\u00ba 12 DE 2021</a></span></h2>\r\n<h2></h2>\r\n</td>\r\n<td>\r\n<h2>27/01/2021</h2>\r\n</td>\r\n</tr>\r\n<tr>\r\n<td>\r\n<h2><span><a title=\"\" href=\"https://www.arcos.mg.leg.br/publicacoes/anteriores/edital/edital-de-correicao-ordinaria-anual-2021-do-forum-da-comarca-de-arcos-mg\" class=\"internal-link\" target=\"_self\">EDITAL DE CORREI\u00c7\u00c3O ORDIN\u00c1RIA ANUAL 2021 DO F\u00d3RUM DA COMARCA DE ARCOS-MG</a></span></h2>\r\n<h2></h2>\r\n</td>\r\n<td>\r\n<h2>27/01/2021</h2>\r\n</td>\r\n</tr>\r\n<tr>\r\n<td>\r\n<h2><span><a title=\"\" href=\"https://www.arcos.mg.leg.br/publicacoes/anteriores/portarias/portaria-no-11-de-2021\" class=\"internal-link\" target=\"_self\">PORTARIA N\u00ba 11 DE 2021</a></span></h2>\r\n<h2></h2>\r\n</td>\r\n<td>\r\n<h2>21/01/2021</h2>\r\n</td>\r\n</tr>\r\n<tr>\r\n<td>\r\n<h2><span><a title=\"\" href=\"https://www.arcos.mg.leg.br/publicacoes/anteriores/portarias/portaria-no-10-de-2021\" class=\"internal-link\" target=\"_self\">PORTARIA N\u00ba 10 DE 2021</a></span></h2>\r\n<h2></h2>\r\n</td>\r\n<td>\r\n<h2>18/01/2021</h2>\r\n</td>\r\n</tr>\r\n<tr>\r\n<td>\r\n<h2><span><a title=\"\" href=\"https://www.arcos.mg.leg.br/publicacoes/anteriores/portarias/portaria-no-09-de-2021\" class=\"internal-link\" target=\"_self\">PORTARIA N\u00ba 09 DE 2021</a></span></h2>\r\n<h2></h2>\r\n</td>\r\n<td>\r\n<h2>15/01/2021</h2>\r\n</td>\r\n</tr>\r\n<tr>\r\n<td>\r\n<h2><span><a title=\"\" href=\"https://www.arcos.mg.leg.br/publicacoes/anteriores/portarias/portaria-no-08-de-2021\" class=\"internal-link\" target=\"_self\">PORTARIA N\u00ba 08 DE 2021</a></span></h2>\r\n<h2></h2>\r\n</td>\r\n<td>\r\n<h2>14/01/2021</h2>\r\n</td>\r\n</tr>\r\n<tr>\r\n<td>\r\n<h2><a title=\"\" href=\"https://www.arcos.mg.leg.br/publicacoes/anteriores/portarias/portaria-no-07-de-2021\" class=\"internal-link\" target=\"_self\">PORTARIA N\u00ba 07 DE 2021</a><span>\u00a0</span></h2>\r\n</td>\r\n<td>\r\n<h2>13/01/2021</h2>\r\n</td>\r\n</tr>\r\n<tr>\r\n<td>\r\n<h2><a title=\"\" href=\"https://www.arcos.mg.leg.br/publicacoes/anteriores/portarias/portaria-no-06-de-2021\" class=\"internal-link\" target=\"_self\">PORTARIA N\u00ba 06 DE 2021</a><span>\u00a0</span></h2>\r\n</td>\r\n<td>\r\n<h2>13/01/2021</h2>\r\n</td>\r\n</tr>\r\n<tr>\r\n<td>\r\n<h2><a title=\"\" href=\"https://www.arcos.mg.leg.br/publicacoes/anteriores/portarias/portaria-no-05-de-2021\" class=\"internal-link\" target=\"_self\">PORTARIA N\u00ba 05 DE 2021</a></h2>\r\n</td>\r\n<td>\r\n<h2>06/01/2021</h2>\r\n</td>\r\n</tr>\r\n<tr>\r\n<td>\r\n<h2><a title=\"\" href=\"https://www.arcos.mg.leg.br/publicacoes/anteriores/portarias/portaria-no-04-de-2021\" class=\"internal-link\" target=\"_self\">PORTARIA N\u00ba 04 DE 2021</a></h2>\r\n</td>\r\n<td>\r\n<h2>06/01/2021</h2>\r\n</td>\r\n</tr>\r\n<tr>\r\n<td>\r\n<h2><a title=\"\" href=\"https://www.arcos.mg.leg.br/publicacoes/anteriores/convocacao-de-servidores/edital-de-convocacao-do-concurso-da-camara-municipal-de-arcos-mg\" class=\"internal-link\" target=\"_self\">Edital de convoca\u00e7\u00e3o do Concurso da C\u00e2mara Municipal de Arcos/MG.</a></h2>\r\n</td>\r\n<td>\r\n<h2>06/01/2021</h2>\r\n</td>\r\n</tr>\r\n<tr>\r\n<td>\r\n<h2><a title=\"\" href=\"https://www.arcos.mg.leg.br/publicacoes/anteriores/reunioes-extraordinarias/anteriores/edital-de-convocacao\" class=\"internal-link\" target=\"_self\">EDITAL DE CONVOCA\u00c7\u00c3O</a></h2>\r\n</td>\r\n<td>\r\n<h2>05/01/2021</h2>\r\n</td>\r\n</tr>\r\n<tr>\r\n<td>\r\n<h2><a title=\"\" href=\"https://www.arcos.mg.leg.br/publicacoes/anteriores/portarias/portaria-no-03-de-2021\" class=\"internal-link\" target=\"_self\">PORTARIA N\u00ba 03 DE 2021</a></h2>\r\n</td>\r\n<td>\r\n<h2>04/01/2021</h2>\r\n</td>\r\n</tr>\r\n<tr>\r\n<td>\r\n<h2></h2>\r\n<h2><span><a title=\"\" href=\"https://www.arcos.mg.leg.br/publicacoes/anteriores/portarias/portaria-no-02-de-2021\" class=\"internal-link\" target=\"_self\">PORTARIA N\u00ba 02 DE 2021</a></span></h2>\r\n<h2></h2>\r\n</td>\r\n<td>\r\n<h2>04/01/2021</h2>\r\n</td>\r\n</tr>\r\n<tr>\r\n<td>\r\n<h2></h2>\r\n<h2><span><a title=\"\" href=\"https://www.arcos.mg.leg.br/publicacoes/anteriores/portarias/portaria-no-01-de-2021\" class=\"internal-link\" target=\"_self\">PORTARIA N\u00ba 01 DE 2021</a></span></h2>\r\n<h2></h2>\r\n</td>\r\n<td>\r\n<h2>04/01/2021</h2>\r\n</td>\r\n</tr>\r\n<tr>\r\n<td>\r\n<h2></h2>\r\n<h2><span><a title=\"\" href=\"https://www.arcos.mg.leg.br/publicacoes/anteriores/leis-orcamentarias/leis-orcamentarias-2021\" class=\"internal-link\" target=\"_self\">Leis Or\u00e7ament\u00e1rias 2021</a></span></h2>\r\n<h2></h2>\r\n</td>\r\n<td>\r\n<h2>14/12/2020</h2>\r\n</td>\r\n</tr>\r\n</tbody>\r\n</table>", "author_name": "", "version": "1.0", "author_url": "https://www.arcos.mg.leg.br/author/patriciaproenca", "provider_name": "C\u00e2mara Municipal de Arcos", "type": "rich"}