{"provider_url": "https://www.arcos.mg.leg.br", "title": "PORTARIA N\u00ba 11 DE 04/02/2022", "html": "<div class=\"view-page\">\r\n<div class=\"tinymce\">\r\n<p>Designa o Coordenador Geral e o Diretor Geral da Escola do Legislativo \u201cMauro Guimar\u00e3es\u201d da C\u00e2mara Municipal de Arcos.</p>\r\n<p>O Presidente da C\u00e2mara Municipal de Arcos, no uso de suas atribui\u00e7\u00f5es e em conformidades com o art. 4\u00ba da Resolu\u00e7\u00e3o n\u00ba 891, de 14 de outubro de 2019, que cria a Escola do Legislativo no \u00e2mbito da C\u00e2mara Municipal de Arcos, determina seus objetivos, sua estrutura organizacional e a elabora\u00e7\u00e3o de seu Regimento Interno,</p>\r\n<p>RESOLVE:</p>\r\n<p>Art. 1\u00ba - Nomear o vereador Jo\u00e3o Paulo Ferreira para o cargo de Coordenador Geral da Escola do Legislativo da C\u00e2mara Municipal de Arcos.</p>\r\n<p>Art. 2\u00ba - Nomear o servidor p\u00fablico efetivo Dionne Iglesias Gon\u00e7alves da Silva para o cargo de Diretor Geral da Escola do Legislativo da C\u00e2mara Municipal de Arcos.</p>\r\n<p>Art. 3\u00ba - Esta portaria entra em vigor na data de sua publica\u00e7\u00e3o no quadro de avisos da C\u00e2mara Municipal de Arcos.</p>\r\n</div>\r\n</div>\r\n<div class=\"view-page-extras\">\r\n<h4 class=\"heading-macro\"><span class=\"fa fa-fw fa-paperclip\"></span>\u00a0<a title=\"\" href=\"https://www.arcos.mg.leg.br/publicacoes/anteriores/portarias/portaria-n_-11-2022.pdf\" class=\"internal-link\" target=\"_self\">ANEXOS</a></h4>\r\n</div>", "author_name": "edlaynecravo", "version": "1.0", "author_url": "https://www.arcos.mg.leg.br/author/edlaynecravo", "provider_name": "C\u00e2mara Municipal de Arcos", "type": "rich"}