{"provider_url": "https://www.arcos.mg.leg.br", "title": "PORTARIA N\u00ba 08 DE 11/01/2022", "html": "<div class=\"view-page\">\r\n<div class=\"tinymce\">\r\n<p><span><em>ESTABELECE CORRE\u00c7\u00c3O ANUAL DE DI\u00c1RIAS DE VIAGEM PARA DESPESAS DE VEREADORES E SERVIDORES DA C\u00c2MARA MUNICIPAL DE ARCOS PREVISTA NA RESOLU\u00c7\u00c3O N\u00ba 892 DE 04/05/2020, ALTERADA PELA RESOLU\u00c7\u00c3O N\u00ba 895 DE 27/09/2021.</em></span></p>\r\n<p><span>CONSIDERANDO</span>\u00a0o regime de di\u00e1rias institu\u00eddo pela Lei Municipal n\u00ba 2.962/2020 e regulamentado pela Resolu\u00e7\u00e3o n\u00ba 892/2020, a qual foi alterada pela Resolu\u00e7\u00e3o n\u00ba 895/2021;</p>\r\n<p><span>CONSIDERANDO</span>\u00a0a corre\u00e7\u00e3o das di\u00e1rias de viagem para despesas de vereadores e servidores prevista no Art. 11 da Resolu\u00e7\u00e3o n\u00ba 892/2020;</p>\r\n<p><span>CONSIDERANDO</span>\u00a0o INPC (\u00cdndice Nacional de Pre\u00e7os ao Consumidor);</p>\r\n<p>O Presidente da C\u00e2mara Municipal de Arcos no uso de suas atribui\u00e7\u00f5es legais;</p>\r\n<p><span>RESOLVE</span>\u00a0baixar a seguinte\u00a0<span>PORTARIA</span>:</p>\r\n<p>Art. 1\u00ba. O valor da di\u00e1ria prevista no par\u00e1grafo \u00fanico do Art. 1\u00ba da Resolu\u00e7\u00e3o n\u00ba 892/2020 fica estipulado no seguinte valor:</p>\r\n<p>- R$ 324,16 (trezentos e vinte e quatro reais e dezesseis centavos).</p>\r\n<p>Art. 2\u00ba. O valor da di\u00e1ria prevista no art. 2\u00ba da Resolu\u00e7\u00e3o n\u00ba 892/2020 fica estipulado no seguinte valor:</p>\r\n<p>\u00a0- R$ 486,21 (quatrocentos e oitenta e seis reais e vinte e um centavos).</p>\r\n<p>Arcos, 11 janeiro de 2022.</p>\r\n<p><span>RONALDO GASPAR RIBEIRO</span></p>\r\n<p><span>Vereador - Presidente</span></p>\r\n</div>\r\n</div>\r\n<div class=\"view-page-extras\">\r\n<h4 class=\"heading-macro\"><span class=\"fa fa-fw fa-paperclip\"></span>\u00a0<a title=\"\" href=\"https://www.arcos.mg.leg.br/publicacoes/anteriores/portarias/portaria-n_-08-de-2022-correcao-valor-diarias.pdf\" class=\"internal-link\" target=\"_self\">ANEXOS</a></h4>\r\n</div>", "author_name": "edlaynecravo", "version": "1.0", "author_url": "https://www.arcos.mg.leg.br/author/edlaynecravo", "provider_name": "C\u00e2mara Municipal de Arcos", "type": "rich"}