{"provider_url": "https://www.arcos.mg.leg.br", "title": "PORTARIA N\u00ba 05 DE 06/01/2022", "html": "<div class=\"view-page\">\r\n<div class=\"tinymce\">\r\n<p>DISP\u00d5E SOBRE CONSTITUI\u00c7\u00c3O DAS COMISS\u00d5ES PERMANENTES DA C\u00c2MARA MUNICIPAL DE ARCOS-MG PARA O EXERC\u00cdCIO DE 2022.</p>\r\n<p><span>CONSIDERANDO</span>\u00a0o disposto no art. 44, inciso XXVI e art. 62, \u00a7 4\u00ba do Regimento Interno da C\u00e2mara (Resolu\u00e7\u00e3o n\u00ba 884 de 17/12/18);</p>\r\n<p>O Presidente da C\u00e2mara Municipal de Arcos, Estado de Minas Gerais, no uso de suas atribui\u00e7\u00f5es legais, em conformidade com o Regimento Interno da C\u00e2mara Municipal de Arcos,</p>\r\n<p>RESOLVE:</p>\r\n<p>Art. 1\u00ba - Ficam designados para compor as Comiss\u00f5es permanentes da C\u00e2mara Municipal de Arcos os seguintes vereadores:</p>\r\n<p><span>COMISS\u00c3O DE LEGISLA\u00c7\u00c3O, JUSTI\u00c7A E REDA\u00c7\u00c3O FINAL</span></p>\r\n<ol>\r\n<li>Jo\u00e3o Paulo Ferreira (Presidente)</li>\r\n<li>Jos\u00e9 Calixto da Fonseca (Relator)</li>\r\n<li>Ney Carlos Miranda (Membro)</li>\r\n</ol>\r\n<p><span>COMISS\u00c3O DE FINAN\u00c7AS, OR\u00c7AMENTO E TOMADA DE CONTAS</span></p>\r\n<ol>\r\n<li>Jos\u00e9 Calixto da Fonseca (Presidente)</li>\r\n<li>Jo\u00e3o Paulo Ferreira (Relator)</li>\r\n<li>Laerte Ces\u00e1rio Mateus (Membro)</li>\r\n</ol>\r\n<p><span>COMISS\u00c3O DE SA\u00daDE E ASSIST\u00caNCIA SOCIAL</span></p>\r\n<ol>\r\n<li>Carlos Ant\u00f4nio da Silva (Presidente)</li>\r\n<li>Jos\u00e9 Calixto da Fonseca (Relator)</li>\r\n<li>K\u00e1tia Mateus de Moura Sousa (Membro)</li>\r\n</ol>\r\n<p><span>COMISS\u00c3O DE EDUCA\u00c7\u00c3O, CULTURA, ESPORTES E DIREITOS HUMANOS</span></p>\r\n<ol>\r\n<li>K\u00e1tia Mateus de Moura Sousa (Presidente)</li>\r\n<li>Carlos Ant\u00f4nio da Silva (Relator)</li>\r\n<li>Ademar Aureliano de Medeiros (Membro)</li>\r\n</ol>\r\n<p><span>COMISS\u00c3O DE SERVI\u00c7OS P\u00daBLICOS E SEGURAN\u00c7A P\u00daBLICA MUNICIPAL</span></p>\r\n<ol>\r\n<li>Laerte Ces\u00e1rio Mateus (Presidente)</li>\r\n<li>Fl\u00e1vio Correia da Silva (Relator)</li>\r\n<li>Ademar Aureliano de Medeiros (Membro)</li>\r\n</ol>\r\n<p><span>COMISS\u00c3O DE TRANSPORTES, \u00c1REA RURAL, MEIO AMBIENTE, IND\u00daSTRIA E COM\u00c9RCIO</span></p>\r\n<ol>\r\n<li>Ney Carlos Miranda (Presidente)</li>\r\n<li>Laerte Ces\u00e1rio Mateus (Relator)</li>\r\n<li>Fl\u00e1vio Correia da Silva (Membro)</li>\r\n</ol>\r\n<p>Art. 2\u00ba - Revogam-se as disposi\u00e7\u00f5es em contr\u00e1rio, entrando esta Portaria em vigor na data de sua publica\u00e7\u00e3o.</p>\r\n<p>Arcos, 06 de janeiro de 2021.</p>\r\n<p><span>RONALDO GASPAR RIBEIRO</span></p>\r\n<p><span>Vereador - Presidente</span></p>\r\n</div>\r\n</div>\r\n<div class=\"view-page-extras\">\r\n<h4 class=\"heading-macro\"><span class=\"fa fa-fw fa-paperclip\"></span>\u00a0<a title=\"\" href=\"https://www.arcos.mg.leg.br/publicacoes/anteriores/portarias/portaria-n_-05-de-2022-nomeacao-das-comissoes-permanentes.pdf\" class=\"internal-link\" target=\"_self\">ANEXOS</a></h4>\r\n</div>", "author_name": "edlaynecravo", "version": "1.0", "author_url": "https://www.arcos.mg.leg.br/author/edlaynecravo", "provider_name": "C\u00e2mara Municipal de Arcos", "type": "rich"}