{"provider_url": "https://www.arcos.mg.leg.br", "title": "PORTARIA N\u00ba 01 DE 03/01/2022", "html": "<div class=\"view-page\">\r\n<div class=\"tinymce\">\r\n<p>DISP\u00d5E SOBRE A INSTITUI\u00c7\u00c3O DE COMISS\u00c3O QUE MENCIONA E DA OUTRAS PROVID\u00caNCIAS.</p>\r\n<p>\u00a0\u00a0\u00a0\u00a0\u00a0 O Presidente da C\u00e2mara Municipal de Arcos, Estado de Minas Gerais, no uso de suas atribui\u00e7\u00f5es legais e, em conformidade com a Constitui\u00e7\u00e3o Federal, artigo 41, \u00a7 1\u00ba,</p>\r\n<p>Resolve:</p>\r\n<p>Art. 1\u00ba - Fica institu\u00edda a Comiss\u00e3o de Avalia\u00e7\u00e3o de Desempenho para fins de promo\u00e7\u00e3o, concess\u00e3o de vantagens e adicionais aos servidores da C\u00e2mara Municipal que, por especifica\u00e7\u00e3o da Lei necessitem de avalia\u00e7\u00e3o de desempenho;</p>\r\n<p>Art. 2\u00ba - Ficam nomeados para compor a referida comiss\u00e3o, os seguintes servidores e seus respectivos suplentes:</p>\r\n<p>Membros efetivos</p>\r\n<ul>\r\n<li>Virg\u00ednia Oliveira de Sousa - Matr\u00edcula 160-0</li>\r\n<li>Dionne Iglesias Gon\u00e7alves da Silva - Matr\u00edcula 129-5</li>\r\n<li>Vivian Kathleen Gomes Anselmi - Matr\u00edcula 101-5</li>\r\n</ul>\r\n<p>Membros suplentes</p>\r\n<ul>\r\n<li>Nath\u00e1lia Glauce Almeida Coelho Teixeira - Matr\u00edcula 104-0</li>\r\n<li>Julio Cesar Rodrigues - Matr\u00edcula 33-7</li>\r\n<li>Daniela Carla Campos Rezende - Matr\u00edcula 46-9</li>\r\n</ul>\r\n<p>\u00a7 1\u00ba - Os trabalhos da referida comiss\u00e3o ser\u00e3o sem remunera\u00e7\u00e3o.</p>\r\n<p>Art. 3\u00ba - A comiss\u00e3o aferir\u00e1 o m\u00e9rito do servidor, respeitando as determina\u00e7\u00f5es da Lei.</p>\r\n<p>Art. 4\u00ba - O resultado da avalia\u00e7\u00e3o ser\u00e1 considerado sigiloso, fazendo parte da pasta individual do servidor.</p>\r\n<p>Art. 5\u00ba - Revogadas as disposi\u00e7\u00f5es contr\u00e1rias, esta Portaria entra em vigor na data de sua publica\u00e7\u00e3o.</p>\r\n<p>Arcos, 03 de janeiro de 2022.</p>\r\n<p>RONALDO GASPAR RIBEIRO</p>\r\n<p>Presidente da C\u00e2mara</p>\r\n</div>\r\n</div>\r\n<div class=\"view-page-extras\">\r\n<h4 class=\"heading-macro\"><span class=\"fa fa-fw fa-paperclip\"></span>\u00a0<a title=\"\" href=\"https://www.arcos.mg.leg.br/publicacoes/anteriores/portarias/portaria-n_-01-de-2022-nomeacao-de-comissao-de-avaliacao-de-desempenho.pdf\" class=\"internal-link\" target=\"_self\">ANEXOS</a></h4>\r\n</div>", "author_name": "edlaynecravo", "version": "1.0", "author_url": "https://www.arcos.mg.leg.br/author/edlaynecravo", "provider_name": "C\u00e2mara Municipal de Arcos", "type": "rich"}