{"provider_url": "https://www.arcos.mg.leg.br", "title": "PUBLICA\u00c7\u00d5ES 2026", "html": "<table class=\"tablelicitacao\">\r\n<tbody>\r\n<tr>\r\n<td>\r\n<h3 class=\" \">T\u00cdTULO</h3>\r\n</td>\r\n<td class=\" \">\r\n<h3>DATA DE PUBLICA\u00c7\u00c3O</h3>\r\n</td>\r\n</tr>\r\n<tr>\r\n<td>\r\n<h2 class=\"documentFirstHeading\"><a title=\"\" href=\"https://www.arcos.mg.leg.br/publicacoes/2026/prestacao-de-contas/aviso-julgamento-de-contas-exercicio-de-2023.pdf\" class=\"internal-link\" target=\"_self\"></a></h2>\r\n<h2 class=\"documentFirstHeading\"><b><a title=\"\" href=\"https://www.arcos.mg.leg.br/publicacoes/2026/reunioes/edital-de-convocacao-reuniao-24-04-26.pdf\" class=\"internal-link\" target=\"_self\">EDITAL DE CONVOCA\u00c7\u00c3O - REUNI\u00c3O\u00a0 EXTRAORDIN\u00c1RIA - 24/04/2026</a></b></h2>\r\n<h2 class=\"documentFirstHeading\"><a title=\"\" href=\"https://www.arcos.mg.leg.br/publicacoes/2026/prestacao-de-contas/aviso-julgamento-de-contas-exercicio-de-2023.pdf\" class=\"internal-link\" target=\"_self\"></a></h2>\r\n</td>\r\n<td>\r\n<h2>23/04/2026</h2>\r\n</td>\r\n</tr>\r\n<tr>\r\n<td>\r\n<h2 class=\"documentFirstHeading\"><a title=\"\" href=\"https://www.arcos.mg.leg.br/publicacoes/2026/prestacao-de-contas/aviso-julgamento-de-contas-exercicio-de-2023.pdf\" class=\"internal-link\" target=\"_self\">AVISO DE JULGAMENTO DE CONTAS - EXERC\u00cdCIO DE 2023</a></h2>\r\n</td>\r\n<td>\r\n<h2>01/04/2026</h2>\r\n</td>\r\n</tr>\r\n<tr>\r\n<td>\r\n<h2 class=\"documentFirstHeading\"></h2>\r\n<h2 class=\"documentFirstHeading\"><b><a title=\"\" href=\"https://www.arcos.mg.leg.br/publicacoes/2026/reunioes/edital-reuniao-extra-18-03-assinado.pdf\" class=\"internal-link\" target=\"_self\">EDITAL DE CONVOCA\u00c7\u00c3O - REUNI\u00c3O\u00a0 EXTRAORDIN\u00c1RIA - 18/03/2026</a></b></h2>\r\n<h2 class=\"documentFirstHeading\"></h2>\r\n</td>\r\n<td>\r\n<h2>17/03/2026</h2>\r\n</td>\r\n</tr>\r\n<tr>\r\n<td>\r\n<h2 class=\"documentFirstHeading\"><a title=\"\" href=\"https://www.arcos.mg.leg.br/publicacoes/2026/audiencias\" class=\"internal-link\" target=\"_self\">AVISO: AUDI\u00caNCIA P\u00daBLICA N\u00ba 01/2026</a></h2>\r\n</td>\r\n<td>\r\n<h2>04/02/2026</h2>\r\n</td>\r\n</tr>\r\n<tr>\r\n<td>\r\n<h2 class=\"documentFirstHeading\"><a title=\"\" href=\"https://www.arcos.mg.leg.br/publicacoes/2026/prestacao-de-contas/balanco-patrimonial-2025.pdf\" class=\"internal-link\" target=\"_blank\">BALAN\u00c7O PATRIMONIAL 2025</a></h2>\r\n</td>\r\n<td>\r\n<h2>28/01/2026</h2>\r\n</td>\r\n</tr>\r\n<tr>\r\n<td>\r\n<h2 class=\"documentFirstHeading\"><a title=\"\" href=\"https://www.arcos.mg.leg.br/publicacoes/2026/prestacao-de-contas/balanco-financeiro-2025.pdf\" class=\"internal-link\" target=\"_blank\">BALAN\u00c7O FINANCEIRO 2025</a></h2>\r\n</td>\r\n<td>\r\n<h2>28/01/2026</h2>\r\n</td>\r\n</tr>\r\n<tr>\r\n<td>\r\n<h2 class=\"documentFirstHeading\"><a title=\"\" href=\"https://www.arcos.mg.leg.br/publicacoes/2026/prestacao-de-contas/balano-orcamentario-2025.pdf\" class=\"internal-link\" target=\"_blank\">BALAN\u00c7O OR\u00c7AMENT\u00c1RIO 2025</a></h2>\r\n</td>\r\n<td>\r\n<h2>28/01/2026</h2>\r\n</td>\r\n</tr>\r\n<tr>\r\n<td>\r\n<h2 class=\"documentFirstHeading\"><a title=\"\" href=\"https://www.arcos.mg.leg.br/publicacoes/2026/prestacao-de-contas/demonstrativo-do-relatorio-de-gestao-fiscal-simplificado-2deg-sem-2025.pdf\" class=\"internal-link\" target=\"_blank\">RELAT\u00d3RIO DE GEST\u00c3O FISCAL SIMPLIFICADO 2\u00b0 SEM 2025</a></h2>\r\n</td>\r\n<td>\r\n<h2>28/01/2026</h2>\r\n</td>\r\n</tr>\r\n<tr>\r\n<td>\r\n<h2 class=\"documentFirstHeading\"><a title=\"\" href=\"https://www.arcos.mg.leg.br/publicacoes/2026/prestacao-de-contas/demonstracao-dos-fluxos-de-caixa-2025.pdf\" class=\"internal-link\" target=\"_blank\">DEMONSTRA\u00c7\u00c3O DOS FLUXOS DE CAIXA 2025</a></h2>\r\n</td>\r\n<td>\r\n<h2>28/01/2026</h2>\r\n</td>\r\n</tr>\r\n<tr>\r\n<td>\r\n<h2 class=\"documentFirstHeading\"><a title=\"\" href=\"https://www.arcos.mg.leg.br/publicacoes/2026/prestacao-de-contas/demonstracao-das-variacoes-patrimoniais-2025.pdf\" class=\"internal-link\" target=\"_blank\">DEMONSTRA\u00c7\u00c3O DAS VARIA\u00c7\u00d5ES PATRIMONIAIS 2025</a></h2>\r\n</td>\r\n<td>\r\n<h2>28/01/2026</h2>\r\n</td>\r\n</tr>\r\n<tr>\r\n<td>\r\n<h2 class=\"documentFirstHeading\"><a title=\"\" href=\"https://www.arcos.mg.leg.br/publicacoes/2026/prestacao-de-contas/aviso-prestacao-de-contas-2023.pdf\" class=\"internal-link\" target=\"_self\">AVISO DE PRESTA\u00c7\u00c3O DE CONTAS DE 2023</a></h2>\r\n</td>\r\n<td>\r\n<h2>23/01/2026</h2>\r\n</td>\r\n</tr>\r\n<tr>\r\n<td>\r\n<h2 class=\"documentFirstHeading\"><a title=\"\" href=\"https://www.arcos.mg.leg.br/publicacoes/2026/reunioes/aviso-de-cancelamento-de-reunioes-extraordinarias.pdf\" class=\"internal-link\" target=\"_self\">AVISO DE CANCELAMENTO DE REUNI\u00c3O EXTRAORDIN\u00c1RIA - 23/01/2026</a></h2>\r\n</td>\r\n<td>\r\n<h2>23/01/2026</h2>\r\n</td>\r\n</tr>\r\n<tr>\r\n<td>\r\n<h2></h2>\r\n<h2 class=\"documentFirstHeading\"><b><a title=\"\" href=\"https://www.arcos.mg.leg.br/publicacoes/2026/reunioes/edital-assinado.pdf\" class=\"internal-link\" target=\"_self\">EDITAL DE CONVOCA\u00c7\u00c3O - REUNI\u00c3O\u00a0 EXTRAORDIN\u00c1RIA - 23/01/2026</a></b></h2>\r\n<h2></h2>\r\n</td>\r\n<td>\r\n<h2>22/01/2026</h2>\r\n</td>\r\n</tr>\r\n<tr>\r\n<td>\r\n<h2></h2>\r\n<h2><a title=\"\" href=\"https://www.arcos.mg.leg.br/publicacoes/anteriores/plano-de-contratacoes/plano-de-contratacoes-anual-2026\" class=\"internal-link\" target=\"_self\">PLANO DE CONTRATA\u00c7\u00d5ES ANUAL - 2026</a></h2>\r\n<h2 class=\"documentFirstHeading\"></h2>\r\n</td>\r\n<td>\r\n<h2>17/07/2025</h2>\r\n</td>\r\n</tr>\r\n</tbody>\r\n</table>\r\n<p>\u00a0</p>", "author_name": "", "version": "1.0", "author_url": "https://www.arcos.mg.leg.br/author/patriciaproenca", "provider_name": "C\u00e2mara Municipal de Arcos", "type": "rich"}