{"provider_url": "https://www.arcos.mg.leg.br", "title": "EDITAL DE CONVOCA\u00c7\u00c3O - REUNI\u00c3O EXTRAORDIN\u00c1RIA 04/06/2025", "html": "<p>Nos termos legais, ficam os Senhores Vereadores convocados para participar de 1 (uma) Reuni\u00e3o Extraordin\u00e1ria da C\u00e2mara Municipal de Arcos, a ser realizada no dia 04 de junho de 2025 \u00e0s 18:00h (dezoito horas), no Plen\u00e1rio da C\u00e2mara Municipal, com a finalidade de realizar a discuss\u00e3o e vota\u00e7\u00e3o do Projeto de Lei Complementar n\u00ba 016/2025, de autoria do Executivo Municipal que <i>AUTORIZA O PODER EXECUTIVO MUNICIPAL A ABRIR CR\u00c9DITO ADICIONAL ESPECIAL</i>, tendo em vista a urg\u00eancia de aprova\u00e7\u00e3o do recurso para viabilizar a execu\u00e7\u00e3o de um projeto social com a Funda\u00e7\u00e3o Dirce da Silveira Figueiredo.</p>\r\n<p>\u00a0</p>\r\n<p>\u00a0</p>\r\n<p align=\"center\">Arcos, 02 de junho de 2025.</p>\r\n<p align=\"center\">\u00a0</p>\r\n<p align=\"center\">\u00a0</p>\r\n<p align=\"center\">\u00a0</p>\r\n<p align=\"center\"><b>K\u00c1TIA MATEUS DE MOURA SOUSA</b><b></b></p>\r\n<p align=\"center\"><b>Vereadora-Presidente</b></p>\r\n<p align=\"center\"><b><a title=\"\" href=\"https://www.arcos.mg.leg.br/publicacoes/2025/edital-reuniao-04-06-2025.pdf\" class=\"internal-link\" target=\"_self\">ANEXO\u00a0</a></b></p>\r\n<p align=\"center\"><b>\u00a0</b></p>", "author_name": "renatocardoso", "version": "1.0", "author_url": "https://www.arcos.mg.leg.br/author/renatocardoso", "provider_name": "C\u00e2mara Municipal de Arcos", "type": "rich"}