{"provider_url": "https://www.arcos.mg.leg.br", "title": "AVISO: AUDI\u00caNCIA P\u00daBLICA N\u00ba 02/2025", "html": "<p>A C\u00e2mara Municipal de Arcos torna p\u00fablico que no dia 29 de abril de 2025, \u00e0s 19:00h (dezenove horas), ser\u00e1 realizada <b>AUDI\u00caNCIA P\u00daBLICA</b> no plen\u00e1rio da C\u00e2mara Municipal com o objetivo de colocar em debate o tema <b>\u201cEstabelecimento de pol\u00edticas p\u00fablicas, direitos e inclus\u00e3o das pessoas com neurodiversidades e/ou outras defici\u00eancias.\u201d</b></p>\r\n<p>\u00a0</p>\r\n<p align=\"center\">Arcos, 10 de abril de 2025.</p>\r\n<p align=\"center\">\u00a0</p>\r\n<p align=\"center\">\u00a0</p>\r\n<p align=\"center\"><b>K\u00c1TIA MATEUS DE MOURA SOUSA</b><b></b></p>\r\n<p align=\"center\"><b>Vereadora-Presidente</b><b></b></p>\r\n<p align=\"center\">\u00a0</p>\r\n<h3><a title=\"\" href=\"https://www.arcos.mg.leg.br/publicacoes/2025/aviso-audiencia-publica-no-02-2025-assinado.pdf\" class=\"internal-link\" target=\"_self\">* AVISO</a></h3>\r\n<h3><a title=\"\" href=\"https://www.arcos.mg.leg.br/publicacoes/2025/portaria-no-014-de-2025-assinada.pdf\" class=\"internal-link\" target=\"_self\">* PORTARIA</a></h3>", "author_name": "", "version": "1.0", "author_url": "https://www.arcos.mg.leg.br/author/patriciaproenca", "provider_name": "C\u00e2mara Municipal de Arcos", "type": "rich"}