{"provider_url": "https://www.arcos.mg.leg.br", "title": "Sess\u00e3o Solene de Honra ao M\u00e9rito \u00e9 realizada na C\u00e2mara ", "html": "<p style=\"text-align: center; \"><img src=\"https://www.arcos.mg.leg.br/imagens/copy_of_LML_1733.JPG/@@images/903d1c8c-dd09-47ea-9154-2caf81f2cb20.jpeg\" alt=\"\" class=\"image-inline\" title=\"\" /></p>\r\n<p><span>Em Sess\u00e3o Solene no dia 1\u00aa de dezembro, a C\u00e2mara Municipal de Arcos homenageou e reconheceu publicamente 30 homens e mulheres que se dedicam ao desenvolvimento do munic\u00edpio e ao bem-estar da popula\u00e7\u00e3o. Escolhidos pelos vereadores, eles receberam os t\u00edtulos de Boina de Ouro, Cidadania Honor\u00e1ria e Honra ao M\u00e9rito de 2023.</span></p>\r\n<p>\u00a0<b>Homenagem Conjunta:</b></p>\r\n<p>Cidad\u00e3o Honor\u00e1rio: Ricardo Silva</p>\r\n<p><b>\u00a0</b></p>\r\n<p><b>Pelo vereador Ademar Aureliano de Medeiros</b></p>\r\n<p>\u00a0Boina de Ouro: J\u00e9sus Luiz da Fonseca</p>\r\n<p>Cidad\u00e3 Honor\u00e1ria: L\u00facia Maria Lopes</p>\r\n<p>Honra Ao M\u00e9rito \u201cP\u00f3stumo\u201d - Jo\u00e3o Rodrigues Filho</p>\r\n<p>Honra ao M\u00e9rito: Fabiana de F\u00e1tima Ferreira Guimar\u00e3es</p>\r\n<p>Honra Ao M\u00e9rito: Valda das Dores da Cruz\u00a0</p>\r\n<p>\u00a0</p>\r\n<p><b>Pelo vereador Carlos Ant\u00f4nio da Silva </b></p>\r\n<p>Boina de Ouro: Rog\u00e9rio Frederico Lage</p>\r\n<p>Cidad\u00e3 Honor\u00e1ria: Viviane Mariano Rodrigues<b></b></p>\r\n<p>Cidad\u00e3o Honor\u00e1rio: Gilberto Pinto da Fonseca</p>\r\n<p><b>\u00a0</b></p>\r\n<p><b>Pelo vereador Fl\u00e1vio Correia da Silva</b></p>\r\n<p>Cidad\u00e3o Honor\u00e1rio:\u00a0 Alex Reis Arlindo</p>\r\n<p>Cidad\u00e3o Honor\u00e1rio - Geraldo Ribeiro</p>\r\n<p>Cidad\u00e3o Honor\u00e1rio: Gustavo Cardoso Rogana</p>\r\n<p>\u00a0</p>\r\n<p><b>Pelo vereador Jo\u00e3o Paulo Ferreira </b></p>\r\n<p>Boina De Ouro: Gerson Jos\u00e9 do Couto</p>\r\n<p>Cidad\u00e3 Honor\u00e1ria: Luciana Aparecida Joaquim Alves</p>\r\n<p>Cidad\u00e3o Honor\u00e1rio: L\u00e9cio de Sousa</p>\r\n<p><b>\u00a0</b></p>\r\n<p><b>Pelo vereador Jos\u00e9 Calixto da Fonseca </b></p>\r\n<p>Boina De Ouro: Celso Alves de Oliveira</p>\r\n<p>Cidad\u00e3 Honor\u00e1ria: Viviane Aparecida Silva Nascimento</p>\r\n<p>Honra Ao M\u00e9rito: Arlem Lorival de Lemos</p>\r\n<p><b>\u00a0</b></p>\r\n<p><b>Pela vereadora K\u00e1tia Mateus de Moura Sousa </b></p>\r\n<p>Cidad\u00e3o Honor\u00e1rio: Pastor Ademir Donizeth Camargos</p>\r\n<p>Cidad\u00e3o Honor\u00e1rio: Pastor Cl\u00e9rio Pereira da Mota</p>\r\n<p>Boina De Ouro - Elis\u00e2ngela de F\u00e1tima Ferreira</p>\r\n<p><b>\u00a0</b></p>\r\n<p><b>Pelo vereador Laerte Ces\u00e1rio Mateus </b></p>\r\n<p>Honra ao M\u00e9rito: Rosalvo Gon\u00e7alves Cardoso</p>\r\n<p>Boina De Ouro - Jos\u00e9 de Freitas</p>\r\n<p>Cidad\u00e3o Honor\u00e1rio: Jefferson Ferreira</p>\r\n<p>\u00a0</p>\r\n<p><b>Pelo vereador Ney Carlos Miranda </b></p>\r\n<p>Boina De Ouro - Janio Aparecido dos Santos</p>\r\n<p>Honra Ao M\u00e9rito: Jos\u00e9 Donizetti de Ara\u00fajo</p>\r\n<p>Honra Ao M\u00e9rito: Francisco Cl\u00e1udio Oliveira</p>\r\n<p>\u00a0</p>\r\n<p><b>Pelo vereador Ronaldo Gaspar Ribeiro </b></p>\r\n<p>Cidad\u00e3o Honor\u00e1rio: Jo\u00e3o Lu\u00eds Campos</p>\r\n<p>Cidad\u00e3o Honor\u00e1rio: Natanael Rodrigues Leal</p>\r\n<p>Boina De Ouro: Rogger Diogo Santos</p>\r\n<p>\u00a0</p>\r\n<p>Fotos: Leila Lino</p>\r\n<p style=\"text-align: center; \"><img src=\"https://www.arcos.mg.leg.br/imagens/LML_1435.JPG/@@images/28d85ddd-d72d-4e5c-8169-7ecf417c1aaf.jpeg\" alt=\"\" class=\"image-inline\" title=\"\" /></p>\r\n<p style=\"text-align: center; \"><img src=\"https://www.arcos.mg.leg.br/imagens/LML_1400.JPG/@@images/123e604b-89f0-4621-9705-9e130451eca3.jpeg\" alt=\"\" class=\"image-inline\" title=\"\" /></p>\r\n<p style=\"text-align: center; \"><img src=\"https://www.arcos.mg.leg.br/imagens/copy_of_LML_1473.JPG/@@images/de69616a-d59e-4ba9-9c53-81b8313b00fd.jpeg\" alt=\"\" class=\"image-inline\" title=\"\" /></p>\r\n<p style=\"text-align: center; \"><img src=\"https://www.arcos.mg.leg.br/imagens/LML_1507.JPG/@@images/da1059f3-8a28-470f-ace5-41354c4593e0.jpeg\" alt=\"\" class=\"image-inline\" title=\"\" /></p>\r\n<p style=\"text-align: center; \"><img src=\"https://www.arcos.mg.leg.br/imagens/LML_1549.JPG/@@images/b9e27b2a-aa3c-460a-a5cb-d56a0c054ec6.jpeg\" alt=\"\" class=\"image-inline\" title=\"\" /></p>\r\n<p style=\"text-align: center; \"><img src=\"https://www.arcos.mg.leg.br/imagens/LML_1588.JPG/@@images/8c029731-7a2c-4cc7-9a9b-02fe30415d0c.jpeg\" alt=\"\" class=\"image-inline\" title=\"\" /></p>\r\n<p style=\"text-align: center; \"><img src=\"https://www.arcos.mg.leg.br/imagens/LML_1623.JPG/@@images/659c07a6-a325-4e46-a23a-2d0763257987.jpeg\" alt=\"\" class=\"image-inline\" title=\"\" /></p>\r\n<p style=\"text-align: center; \"><img src=\"https://www.arcos.mg.leg.br/imagens/LML_1656.JPG/@@images/44b8428e-a853-4a6c-a5bf-df9be9def0b0.jpeg\" alt=\"\" class=\"image-inline\" title=\"\" /></p>\r\n<p style=\"text-align: center; \"><img src=\"https://www.arcos.mg.leg.br/imagens/LML_1719.JPG/@@images/0c65148d-edaf-4503-a44e-76859ed1faea.jpeg\" alt=\"\" class=\"image-inline\" title=\"\" /></p>\r\n<p style=\"text-align: center; \"><img src=\"https://www.arcos.mg.leg.br/imagens/LML_1777.JPG/@@images/7fb1520a-26bb-4b69-8eac-f2c7ea383025.jpeg\" alt=\"\" class=\"image-inline\" title=\"\" /></p>", "author_name": "luisateixeira", "version": "1.0", "author_url": "https://www.arcos.mg.leg.br/author/luisateixeira", "provider_name": "C\u00e2mara Municipal de Arcos", "type": "rich"}