{"provider_url": "https://www.arcos.mg.leg.br", "title": "PJ Arcos encerra a temporada 2024 com entrega de certificados", "html": "<p style=\"text-align: center; \"><img src=\"https://www.arcos.mg.leg.br/imagens/6.jpeg/@@images/075071d5-82bc-4d77-b24d-3082f82802a8.jpeg\" alt=\"\" class=\"image-inline\" title=\"\" /></p>\r\n<p style=\"text-align: justify; \">A temporada 2024 do PJ Arcos encerrou-se oficialmente na \u00faltima ter\u00e7a, dia 10 de dezembro. Depois de um ano inteiro de oficinas, debates, plen\u00e1rias e visitas t\u00e9cnicas a Belo Horizonte, Ouro Preto e Uberl\u00e2ndia, Ana Carolina Trindade, Ana J\u00falia Ferreira, Ana Luisa Gon\u00e7alves, Anna Karolina Lima, Eduardo Goulart, Emanuelly Amaral, Gabriel Moreira, Isabella Silva, Jo\u00e3o Eduardo Nascimento, Jo\u00e3o Rafael Neves, Kauan Andrade, Kauany Costa, Lara Silva, Maria Paula Couto, Maria Paula Teixeira, Marianne Veloso, Mateus Assis, Mayra Ribeiro, Pedro Henrique Morais, Rafael Lara, Rafaela Ramos, Victor Gabriel Martins e Yasmin Valad\u00e3o se encontraram pela \u00faltima vez neste ano para discutir pol\u00edtica, cidadania e as atividades desenvolvidas no projeto.</p>\r\n<p style=\"text-align: justify; \">Os 23 adolescentes discursaram sobre os impactos e as suas experi\u00eancias com o programa e receberam os certificados de participa\u00e7\u00e3o das m\u00e3os de Dionne Gon\u00e7alves, coordenador regional do Parlamento Jovem. \u00a0Os vereadores Ademar de Medeiros \u2013 Sorriso (PV) e Jo\u00e3o Paulo Ferreira \u2013 Jo\u00e3ozinho (PSD) tamb\u00e9m participaram do evento, juntamente com Alex Didier (Solidariedade), que tomar\u00e1 posse no pr\u00f3ximo mandato.</p>\r\n<p style=\"text-align: justify; \">O PJ \u00e9 um programa de educa\u00e7\u00e3o pol\u00edtica e forma\u00e7\u00e3o cidad\u00e3 gratuito, vinculado \u00e0 Assembleia Legislativa de Minas Gerais e realizado pela C\u00e2mara Municipal de Arcos desde 2018. Neste ano, as discuss\u00f5es geraram em torno da tem\u00e1tica \u201cMelhorias no Ensino Escolar\u201d.</p>\r\n<p style=\"text-align: center; \"><img src=\"https://www.arcos.mg.leg.br/imagens/4.jpeg/@@images/8fa53a5e-7862-49fb-af78-50ce2e753cf8.jpeg\" alt=\"\" class=\"image-inline\" title=\"\" /></p>\r\n<p style=\"text-align: center; \"><img src=\"https://www.arcos.mg.leg.br/imagens/5.jpeg/@@images/bb713a12-0202-49ca-ae35-f9605bd863c4.jpeg\" alt=\"\" class=\"image-inline\" title=\"\" /></p>\r\n<p style=\"text-align: center; \"><img src=\"https://www.arcos.mg.leg.br/imagens/2.jpeg/@@images/6872f2dd-0fa4-411d-a726-63f6827a146b.jpeg\" alt=\"\" class=\"image-inline\" title=\"\" /></p>", "author_name": "luisateixeira", "version": "1.0", "author_url": "https://www.arcos.mg.leg.br/author/luisateixeira", "provider_name": "C\u00e2mara Municipal de Arcos", "type": "rich"}