{"provider_url": "https://www.arcos.mg.leg.br", "title": "Inscri\u00e7\u00f5es abertas para o Parlamento Jovem - Arcos 2025", "html": "<p style=\"text-align: center; \"><img src=\"https://www.arcos.mg.leg.br/imagens/WhatsAppImage20250429at17.06.26.jpeg/@@images/1bb48587-306a-4980-936b-ea5a9596782a.jpeg\" alt=\"\" class=\"image-inline\" title=\"\" /></p>\r\n<p><span style=\"text-align: center; \">Aten\u00e7\u00e3o! As inscri\u00e7\u00f5es para o PJ Arcos 2025 est\u00e3o abertas e v\u00e3o at\u00e9 o dia 11 de maio. Para participar \u00e9 preciso estar matriculado no Ensino M\u00e9dio das escolas p\u00fablicas ou particulares do munic\u00edpio. O programa \u00e9 gratuito e as oficinas ser\u00e3o realizadas uma vez por semana na C\u00e2mara, no per\u00edodo da tarde.</span></p>\r\n<p>Para garantir sua vaga, entre em contato com o Coordenador Dionne Gon\u00e7alves, atrav\u00e9s dos telefones <strong>(37) 3351-3422</strong> e <strong>(37) 9 9927-3547</strong>, ou presencialmente na institui\u00e7\u00e3o, de segunda a sexta, de meio-dia \u00e0s 18h.</p>\r\n<p>O Parlamento Jovem \u00e9 um projeto vinculado \u00e0 Assembleia Legislativa de Minas Gerais (ALMG) e proporciona uma viv\u00eancia pol\u00edtica e cidad\u00e3 aos seus participantes. Em 2025, o tema norteador das atividades ser\u00e1 \"Juventude e Direitos Culturais\".</p>", "author_name": "luisateixeira", "version": "1.0", "author_url": "https://www.arcos.mg.leg.br/author/luisateixeira", "provider_name": "C\u00e2mara Municipal de Arcos", "type": "rich"}