{"provider_url": "https://www.arcos.mg.leg.br", "title": "Dezessete pais do munic\u00edpio s\u00e3o homenageados na C\u00e2mara ", "html": "<p style=\"text-align: center; \"><img src=\"https://www.arcos.mg.leg.br/imagens/DSC_2796.JPG/@@images/15750dd0-9823-4a81-94ac-5d0967d0ff37.jpeg\" alt=\"\" class=\"image-inline\" title=\"\" /></p>\r\n<p style=\"text-align: justify; \"><span style=\"text-align: justify; \">Adiada devido \u00e0s restri\u00e7\u00f5es do per\u00edodo eleitoral, a reuni\u00e3o especial de Dia dos Pais foi realizada na \u00faltima quarta-feira, dia 23 de outubro. Nas palavras de Gustavo Campos, um dos homenageados da noite: \u201cHoje n\u00e3o celebramos apenas os pais de sangue. Mas todos aqueles que, pelo compromisso, pela dedica\u00e7\u00e3o e pelo afeto, assumem o papel de cuidar e formam uma nova gera\u00e7\u00e3o\u201d</span><b style=\"text-align: justify; \">.</b></p>\r\n<p>Outros 16 pais do munic\u00edpio tamb\u00e9m receberam placas em reconhecimento \u00e0 dedica\u00e7\u00e3o e ao cuidado com seus filhos. S\u00e3o eles:</p>\r\n<p>\u00a0<span>Adair Lourival de Lemos</span></p>\r\n<p>\u00a0<span>Ant\u00f4nio Carlos da Silva</span></p>\r\n<p><span>\u00c1tila Moreira Andrade</span></p>\r\n<p>\u00a0<span>Elisio Sergio de Castro</span></p>\r\n<p>\u00a0<span>Geraldo Neves Zuquim</span></p>\r\n<p>\u00a0<span>Gustavo Tadeu Campos</span></p>\r\n<p>\u00a0<span>Ideraldo Luiz Belini Queiroz de Castro</span></p>\r\n<p>\u00a0<span>Jos\u00e9 dos Reis da Silva</span></p>\r\n<p>\u00a0<span>Jos\u00e9 Geraldo Pedroso</span></p>\r\n<p>\u00a0<span>Rafael Benedetti Parisotto</span></p>\r\n<p>\u00a0<span>Renato Cal\u00e1cio</span></p>\r\n<p>\u00a0<span>Ricardo Gon\u00e7alves Resende</span></p>\r\n<p>\u00a0<span>Roberto Carlos de Oliveira</span></p>\r\n<p>\u00a0<span>Sergio Frias</span></p>\r\n<p>\u00a0<span>Valdir Aparecido Caetano</span></p>\r\n<p>\u00a0<span>Walter Aparecido Miranda</span></p>\r\n<p>\u00a0<b>Homenagem especial:</b></p>\r\n<p>Wagner Martins de Freitas</p>\r\n<p style=\"text-align: center; \">\u00a0<img src=\"https://www.arcos.mg.leg.br/imagens/DSC_2751.JPG/@@images/e23670ac-44b8-4589-bc02-737be70e6709.jpeg\" alt=\"\" class=\"image-inline\" title=\"\" /></p>\r\n<p style=\"text-align: center; \"><span>Fotos: Leila Lino</span></p>\r\n<p style=\"text-align: center; \"><img src=\"https://www.arcos.mg.leg.br/imagens/DSC_2711.JPG/@@images/afe02a72-9d62-4898-b7c7-1d3fd6ff1943.jpeg\" alt=\"\" class=\"image-inline\" title=\"\" /></p>\r\n<p style=\"text-align: center; \"><img src=\"https://www.arcos.mg.leg.br/imagens/DSC_2590.JPG/@@images/0a590b3b-0bbc-4ca0-a92b-1db8e23e748c.jpeg\" alt=\"\" class=\"image-inline\" title=\"\" /></p>\r\n<p style=\"text-align: center; \"><img src=\"https://www.arcos.mg.leg.br/imagens/DSC_2658.JPG/@@images/cd99fec7-6175-4804-b9c1-32c7532ffdc4.jpeg\" alt=\"\" class=\"image-inline\" title=\"\" /></p>\r\n<p style=\"text-align: center; \"><img src=\"https://www.arcos.mg.leg.br/imagens/DSC_2605.JPG/@@images/89f2c5e6-7875-4e25-a902-5d25c2e3331d.jpeg\" alt=\"\" class=\"image-inline\" title=\"\" /></p>\r\n<p style=\"text-align: center; \"><img src=\"https://www.arcos.mg.leg.br/imagens/DSC_2630.JPG/@@images/c46cd7c5-c198-4b40-bbb7-d0a4516a36c4.jpeg\" alt=\"\" class=\"image-inline\" title=\"\" /></p>\r\n<p style=\"text-align: center; \"><img src=\"https://www.arcos.mg.leg.br/imagens/DSC_2737.JPG/@@images/66490263-a8d2-46ca-b8e4-8261b5808df4.jpeg\" alt=\"\" class=\"image-inline\" title=\"\" /></p>\r\n<p style=\"text-align: center; \"><img src=\"https://www.arcos.mg.leg.br/imagens/DSC_2835.JPG/@@images/fb5b89a8-c11d-45f7-8b3c-7264583a532f.jpeg\" alt=\"\" class=\"image-inline\" title=\"\" />\u00a0</p>", "author_name": "luisateixeira", "version": "1.0", "author_url": "https://www.arcos.mg.leg.br/author/luisateixeira", "provider_name": "C\u00e2mara Municipal de Arcos", "type": "rich"}