{"provider_url": "https://www.arcos.mg.leg.br", "title": "C\u00e2mara sedia Plen\u00e1ria Regional do Parlamento Jovem 2024", "html": "<p style=\"text-align: center; \">\u00a0</p>\r\n<p style=\"text-align: center; \"><img src=\"https://www.arcos.mg.leg.br/imagens/IMG_0461.JPG/@@images/f62ad2a6-8723-4f73-9fbe-6e8d0edb35a7.jpeg\" alt=\"\" class=\"image-inline\" title=\"\" /></p>\r\n<p style=\"text-align: justify; \">No dia 14 de agosto, 36 estudantes de Arcos, Japara\u00edba, Nova Serrana, Pains, Par\u00e1 de Minas e Rio Parana\u00edba se reuniram nesta C\u00e2mara Municipal para a Plen\u00e1ria Regional do programa Parlamento Jovem. Escolhidos em vota\u00e7\u00e3o entre os integrantes, Rafael Lara, Yasmin Valad\u00e3o, Luiz Guilherme Pessoa, Emanuelly Amaral, Maria Clara Borges, Mayra Ribeiro e Maria Paula Andrade foram os representantes do PJ \u2013 Arcos.</p>\r\n<p style=\"text-align: justify; \"><span>A partir do tema \"Melhorias do Ensino Escolar\", que norteia todas as atividades do PJ neste ano, os adolescentes selecionaram as tr\u00eas proposi\u00e7\u00f5es do Polo Centro-Oeste para serem apresentadas na Plen\u00e1ria Estadual, que ser\u00e1 realizada em setembro. S\u00e3o elas:</span></p>\r\n<p style=\"text-align: justify; \"><em>Subtema 01 - Melhorias do ambiente de ensino-aprendizagem:</em></p>\r\n<p style=\"text-align: justify; \">- Amplia\u00e7\u00e3o da Lei 13.722, mais conhecida como \u201cLei Lucas\u201d, para capacitar professores, funcion\u00e1rios e alunos do Ensino M\u00e9dio para os acidentes que acontecem no mercado de trabalho e at\u00e9 mesmo no dia a dia. O curso seria presencial, com aulas pr\u00e1ticas.</p>\r\n<p style=\"text-align: justify; \"><em>Subtema 02 - Melhoria de aprendizagem e enfrentamento das desigualdades educacionais:</em></p>\r\n<p style=\"text-align: justify; \">- Cria\u00e7\u00e3o de ensino itinerante dedicado \u00e0 alfabetiza\u00e7\u00e3o de jovens, adultos e idosos, com dissocia\u00e7\u00e3o do EJA- Ensino de Jovens e Adultos, atrav\u00e9s de professores capacitados.</p>\r\n<p style=\"text-align: justify; \"><em>Subtema 03 - Fortalecimento da gest\u00e3o democr\u00e1tica:</em></p>\r\n<p style=\"text-align: justify; \">- Reformula\u00e7\u00e3o do Novo Ensino M\u00e9dio, por interm\u00e9dio do governo estadual, visando reduzir a carga hor\u00e1ria dos itiner\u00e1rios e trazendo uma maior autonomia dos alunos nas escolhas das \u00e1reas que desejarem se aprofundar.</p>\r\n<p style=\"text-align: justify; \">No evento, os participantes tamb\u00e9m escolheram \u201cUm Brasil ambientalmente mais sustent\u00e1vel\u201d como sugest\u00e3o de tema para a edi\u00e7\u00e3o do programa no ano que vem.</p>\r\n<p style=\"text-align: justify; \">A Plen\u00e1ria Estadual ser\u00e1 realizada entre os dias 18 e 20 de setembro deste ano, na Assembleia Legislativa de Minas Gerais. Luiz Guilherme Pessoa e Maria Clara Borges ser\u00e3o os representantes de Arcos.</p>\r\n<p style=\"text-align: center; \"><img src=\"https://www.arcos.mg.leg.br/imagens/IMG_0069.JPG/@@images/f93c659e-5f83-4388-b519-5ec599a52fc7.jpeg\" alt=\"\" class=\"image-inline\" title=\"\" /></p>\r\n<p style=\"text-align: center; \"><img src=\"https://www.arcos.mg.leg.br/imagens/copy_of_IMG_00941.JPG/@@images/dcc7736a-82b0-4d91-98f2-71885cd77f68.jpeg\" alt=\"\" class=\"image-inline\" title=\"\" /></p>\r\n<p style=\"text-align: center; \"><img src=\"https://www.arcos.mg.leg.br/imagens/IMG_03621.JPG/@@images/0719f3fe-7b98-43a5-b14a-8e99109ea2ba.jpeg\" alt=\"\" class=\"image-inline\" title=\"\" /></p>\r\n<p style=\"text-align: center; \"><img src=\"https://www.arcos.mg.leg.br/imagens/copy_of_IMG_02651.JPG/@@images/07d92bf9-3b74-4e56-8b89-9747b0b5c399.jpeg\" alt=\"\" class=\"image-inline\" title=\"\" /></p>\r\n<p style=\"text-align: center; \">\u00a0</p>", "author_name": "luisateixeira", "version": "1.0", "author_url": "https://www.arcos.mg.leg.br/author/luisateixeira", "provider_name": "C\u00e2mara Municipal de Arcos", "type": "rich"}