{"provider_url": "https://www.arcos.mg.leg.br", "title": "C\u00e2mara receber\u00e1 oficinas de SAPL e Portal Modelo em novembro", "html": "<p style=\"text-align: center; \"><img src=\"https://www.arcos.mg.leg.br/imagens/PostInstagramProgramaoEventoVerde.jpg/@@images/c26e1d55-77df-4f45-be9f-942fcbffc818.jpeg\" style=\"float: right; \" title=\"\" class=\"image-inline\" alt=\"\" /></p>\r\n<p>A C\u00e2mara Municipal de Arcos sediar\u00e1, em novembro, duas oficinas do Programa Interlegis, do Senado Federal. S\u00e3o elas:</p>\r\n<p><b>\u00a0- SAPL - Sistema de Apoio ao Processo Legislativo</b>: capacita\u00e7\u00e3o dos servidores das casas legislativas para a implanta\u00e7\u00e3o, configura\u00e7\u00e3o e alimenta\u00e7\u00e3o do SAPL com dados relativos ao processo legislativo.</p>\r\n<p>Nos dias 06 e 07 de novembro, das 09h \u00e0s 12h e das 14h \u00e0s 17h, e dia 8 de novembro das 9h \u00e0s 12h.</p>\r\n<p>Inscri\u00e7\u00f5es pelo link: <a href=\"https://www12.senado.leg.br/interlegis/buscarevento?id=1134\">https://www12.senado.leg.br/interlegis/buscarevento?id=1134</a></p>\r\n<p><b>- Portal Modelo: </b>capacita\u00e7\u00e3o dos servidores e parlamentares para a correta alimenta\u00e7\u00e3o do sistema de gerenciamento de conte\u00fados na Internet, de acordo com as exig\u00eancias legais.</p>\r\n<p>Dia 08 de novembro das 14h \u00e0s 17h e nos dias 09 e 10 de novembro das 09h \u00e0s 12h e das 14h \u00e0s 17h.</p>\r\n<p>Inscri\u00e7\u00f5es pelo link: <a href=\"https://www12.senado.leg.br/interlegis/buscarevento?id=1133\">https://www12.senado.leg.br/interlegis/buscarevento?id=1133</a></p>\r\n<p>Ministradas por Adalberto Alves, assistente parlamentar do Senado, as aulas s\u00e3o gratuitas e, apesar de destinadas aos parlamentares e servidores das c\u00e2maras da regi\u00e3o, ser\u00e3o abertas ao p\u00fablico. No entanto, para um melhor aproveitamento \u00e9 necess\u00e1rio que cada aluno leve o seu notebook.</p>\r\n<p>\u00a0As vagas s\u00e3o limitadas e as inscri\u00e7\u00f5es dever\u00e3o ser feitas at\u00e9 o dia 03 de novembro, pelo site da Interlegis.</p>\r\n<p>\u00a0</p>\r\n<p><strong>Servi\u00e7o</strong></p>\r\n<p>Oficinas SAPL e Portal Modelo</p>\r\n<p><strong>Quando:</strong>\u00a0de 6 a 10 de novembro de 2023, das 09h \u00e0s 12h e das 14h \u00e0s 17h.</p>\r\n<p><strong>Onde:</strong>\u00a0C\u00e2mara Municipal de Arcos - Rua 25 de dezembro, 760, Centro. Arcos/MG</p>\r\n<p>Inscri\u00e7\u00f5es pelo site <a href=\"http://www.interlegis.leg.br\">www.interlegis.leg.br</a></p>\r\n<p>\u00a0</p>\r\n<p style=\"text-align: center; \"><img src=\"https://www.arcos.mg.leg.br/imagens/Programao_4C7Bq7v.png/@@images/9cd09f33-0d6f-42e3-9562-f72d4c604bb9.png\" alt=\"\" class=\"image-inline\" title=\"\" /></p>\r\n<p style=\"text-align: center; \">\u00a0</p>\r\n<p style=\"text-align: center; \"><img src=\"https://www.arcos.mg.leg.br/imagens/Programao_NnAd6pQ.png/@@images/75c4bf08-4a16-40bc-9d23-7160d5cff8a3.png\" alt=\"\" class=\"image-inline\" title=\"\" /></p>", "author_name": "luisateixeira", "version": "1.0", "author_url": "https://www.arcos.mg.leg.br/author/luisateixeira", "provider_name": "C\u00e2mara Municipal de Arcos", "type": "rich"}