{"provider_url": "https://www.arcos.mg.leg.br", "title": "C\u00e2mara realiza Sess\u00e3o Solene de Dia dos Pais", "html": "<p style=\"text-align: center; \"><img src=\"https://www.arcos.mg.leg.br/imagens/copy_of_noticia2.jpg\" alt=\"Reuni\u00e3o C\u00e2mara\" class=\"image-inline\" title=\"\" /></p>\r\n<p>C\u00e2mara Municipal de Arcos celebrou na \u00faltima sexta, dia 18 de agosto, vinte homens que exercem com carinho e dedica\u00e7\u00e3o o papel de pai. Cada um dos nove vereadores indicou dois nomes que, apesar das diferentes trajet\u00f3rias de vida, t\u00eam em comum a luta por um futuro melhor para seus filhos.</p>\r\n<p>Ant\u00f4nio Faria e Jos\u00e9 Roberto Dudi receberam as Homenagens da C\u00e2mara. Os vereadores Fl\u00e1vio Correia (PSDB), Jos\u00e9 Calixto da Fonseca (Cidadania), Ney Miranda (PTB) e Ronaldo Ribeiro (Agir36), que s\u00e3o pais, tamb\u00e9m receberam placas comemorativas.</p>\r\n<p><strong><em>Homenagens da C\u00e2mara</em></strong></p>\r\n<p><strong>Ant\u00f4nio Faria</strong>\u00a0- pela trajet\u00f3ria como pai e pela dedica\u00e7\u00e3o \u00e0 comunidade atrav\u00e9s do trabalho volunt\u00e1rio.</p>\r\n<p><strong>Jos\u00e9 Roberto Dudi</strong>\u00a0- pelo exemplo como pai, pela trajet\u00f3ria profissional como fot\u00f3grafo e pela dedica\u00e7\u00e3o \u00e0 comunidade.</p>\r\n<p><strong><em>Vereador Ademar Aureliano de Medeiros</em></strong></p>\r\n<p><strong>Edvaldo Ant\u00f4nio Ferreira Brito</strong>\u00a0- pelo exemplo como pai, ao criar sua fam\u00edlia com muita dificuldade, e pela import\u00e2ncia afetiva para o vereador.</p>\r\n<p><strong>Ronilson Pereira Cardoso</strong>\u00a0- pelo exemplo como pai, ao criar sua fam\u00edlia com muita dificuldade.</p>\r\n<p><strong><em>Vereador Carlos Ant\u00f4nio da Silva</em></strong></p>\r\n<p><strong>Denilson Francisco Teixeira\u00a0</strong>- pelo exemplo como pai, pela generosidade e pela dedica\u00e7\u00e3o \u00e0 comunidade.</p>\r\n<p><strong>Leandro Nogueira Freitas</strong>\u00a0- pelo exemplo como pai e pela trajet\u00f3ria profissional como m\u00e9dico, ao colocar crian\u00e7as no mundo com tanto carinho.</p>\r\n<p><strong><em>Vereador Fl\u00e1vio Correia da Silva</em></strong></p>\r\n<p><strong>\u00c2ngelo Roncalli Gomide</strong>\u00a0- pela trajet\u00f3ria como pai e pela hist\u00f3ria de vida e supera\u00e7\u00e3o.</p>\r\n<p><strong>Geraldo Edmar da Cunha</strong>\u00a0- pela trajet\u00f3ria como pai e pelo exemplo ao investir na educa\u00e7\u00e3o do filho.</p>\r\n<p><strong><em>Vereador Jo\u00e3o Paulo Ferreira</em></strong></p>\r\n<p><strong>Geraldo Nunes Pereira</strong>\u00a0- pela trajet\u00f3ria como pai, pela hist\u00f3ria de vida e supera\u00e7\u00e3o e pela dedica\u00e7\u00e3o ao Coral Municipal.</p>\r\n<p><strong>Marcelo Eust\u00e1quio Rezende\u00a0</strong>- pela trajet\u00f3ria como pai e pela proximidade afetiva com o vereador.</p>\r\n<p><strong><em>Vereador Jos\u00e9 Calixto da Fonseca</em></strong></p>\r\n<p><strong>Eli Rezende de Oliveira</strong>\u00a0- pela trajet\u00f3ria como pai, pela dedica\u00e7\u00e3o \u00e0 fam\u00edlia e pela vida profissional como funcion\u00e1rio p\u00fablico.</p>\r\n<p><strong>Herivelto Rodrigues Soares</strong>\u00a0- pela trajet\u00f3ria como pai, pela dedica\u00e7\u00e3o \u00e0 fam\u00edlia e pela vida profissional como funcion\u00e1rio p\u00fablico.</p>\r\n<p><strong><em>Vereadora K\u00e1tia Mateus de Moura Sousa</em></strong></p>\r\n<p><strong>J\u00fanio C\u00e9sar da Silva</strong>\u00a0- pela trajet\u00f3ria como pai, pela dedica\u00e7\u00e3o \u00e0 comunidade, \u00e0 vida religiosa e ao trabalho como serralheiro. \u00a0</p>\r\n<p><strong>Paulo Dias Silv\u00e9rio</strong>\u00a0- pelo exemplo como pai, pela dedica\u00e7\u00e3o \u00e0 comunidade, \u00e0 vida religiosa e ao trabalho como pedreiro.\u00a0</p>\r\n<p><strong><em>Vereador Laerte Ces\u00e1rio Mateus</em></strong></p>\r\n<p><strong>Alquimar de Assis Teixeira</strong>\u00a0- pela trajet\u00f3ria como pai, pela dedica\u00e7\u00e3o \u00e0 comunidade atrav\u00e9s do servi\u00e7o social e pela proximidade afetiva com o vereador.</p>\r\n<p><strong>Rosalvo Gon\u00e7alves Cardoso</strong>\u00a0- \u00a0pela trajet\u00f3ria como pai, pela dedica\u00e7\u00e3o \u00e0 comunidade e pela proximidade afetiva com o vereador.</p>\r\n<p><strong><em>Vereador Ney Carlos Miranda</em></strong></p>\r\n<p><strong>Altivo da Silva Campos</strong>\u00a0- pela trajet\u00f3ria como pai e pela proximidade afetiva com o vereador.</p>\r\n<p><strong>Ulisses Borges Mendon\u00e7a</strong>\u00a0- pela trajet\u00f3ria como pai e pela proximidade afetiva com o vereador.</p>\r\n<p><strong><em>Vereador Ronaldo Gaspar Ribeiro</em></strong></p>\r\n<p><strong>Geraldo Jos\u00e9 da Silva\u00a0</strong>- pela trajet\u00f3ria como pai e pela import\u00e2ncia do trabalho desenvolvido como prot\u00e9tico pr\u00e1tico para a comunidade.</p>\r\n<p><strong>Giovani Lara dos Santos</strong>\u00a0- pelo exemplo como pai e av\u00f4.</p>\r\n<p>\u00a0</p>\r\n<h3>Fotos: Leila Lino</h3>\r\n<p><img src=\"https://www.arcos.mg.leg.br/imagens/copy8_of_noticia21.jpg/@@images/b3259359-b4b0-43a7-b662-6a1b7442ff86.jpeg\" alt=\"Homenagem dia dos Pais\" class=\"image-inline\" title=\"Homenagem dia dos Pais\" /></p>\r\n<p><img src=\"https://www.arcos.mg.leg.br/imagens/copy4_of_noticia22.jpg/@@images/e8edd851-cb52-474a-abc3-4c3b58b33e69.jpeg\" alt=\"Homenagem dia dos Pais\" class=\"image-inline\" title=\"Homenagem dia dos Pais\" /></p>\r\n<p><img src=\"https://www.arcos.mg.leg.br/imagens/copy2_of_noticia23.jpg/@@images/e7f9b9b5-ba29-43db-9aec-0a2e33c15814.jpeg\" alt=\"Homenagem dia dos Pais\" class=\"image-inline\" title=\"Homenagem dia dos Pais\" /></p>\r\n<p style=\"text-align: left; \"><img src=\"https://www.arcos.mg.leg.br/imagens/copy2_of_noticia24.jpg/@@images/81a6771b-43a8-4010-8093-64caeee9d6aa.jpeg\" alt=\"Homenagem dia dos Pais\" class=\"image-inline\" title=\"Homenagem dia dos Pais\" /></p>\r\n<p style=\"text-align: left; \"><img src=\"https://www.arcos.mg.leg.br/imagens/copy_of_noticia25.jpg/@@images/62c171ad-9010-4672-bebb-0f5e0cec5a28.jpeg\" alt=\"Homenagem dia dos Pais\" class=\"image-inline\" title=\"Homenagem dia dos Pais\" /><br /><img src=\"https://www.arcos.mg.leg.br/imagens/copy_of_noticia26.jpg/@@images/2ca45fa0-2386-4222-aa22-61f6b7978694.jpeg\" alt=\"Homenagem dia dos Pais\" class=\"image-inline\" title=\"Homenagem dia dos Pais\" /></p>", "author_name": "C\u00e2mara de Arcos", "version": "1.0", "author_url": "https://www.arcos.mg.leg.br/author/C\u00e2mara de Arcos", "provider_name": "C\u00e2mara Municipal de Arcos", "type": "rich"}