{"provider_url": "https://www.arcos.mg.leg.br", "title": "C\u00e2mara realiza cerim\u00f4nia de abertura do Parlamento Jovem 2024", "html": "<p style=\"text-align: center; \"><img src=\"https://www.arcos.mg.leg.br/imagens/IMG_8415.JPG/@@images/6deab1c5-5cd0-454b-92bc-d6b4e1fc24fb.jpeg\" alt=\"\" class=\"image-inline\" title=\"\" /></p>\r\n<p>A temporada 2024 do Parlamento Jovem - Arcos foi oficialmente aberta nesta quarta-feira, dia 24 de abril. O evento contou com a presen\u00e7a dos vereadores Ademar de Medeiros - Sorriso (PV) e Jo\u00e3o Paulo Ferreira - Jo\u00e3ozinho (PSD), e de alunos, professores e funcion\u00e1rios das escolas estaduais da Vila Boa Vista, Dona Maricota Pinto, Berenice de Magalh\u00e3es Pinto; do Instituto Pedag\u00f3gico Arcoense - INPA e do Instituto Federal de Educa\u00e7\u00e3o, Ci\u00eancia e Tecnologia de Minas Gerais - IFMG.</p>\r\n<p>Apresenta\u00e7\u00e3o do projeto para os novos participantes e poss\u00edveis interessados, a cerim\u00f4nia trouxe tamb\u00e9m os depoimentos de Emanuelly de Morais, Luiz Guilherme Pessoa, Maria Clara Borges e Yasmin Valad\u00e3o, integrantes do PJ no ano passado. \u201cEssa \u00e9 a oportunidade de voc\u00eas participarem e estarem ativos no mundo da pol\u00edtica. Porque voc\u00eas - no caso n\u00f3s - somos o futuro. Daqui a alguns anos, n\u00f3s estaremos sentados nessas cadeiras, n\u00f3s faremos as leis e cuidaremos do nosso povo\u201d, disse Maria Clara.</p>\r\n<p>A palestra \u201cMelhorias na educa\u00e7\u00e3o: a influ\u00eancia da escola na transforma\u00e7\u00e3o social\u201d, da professora Let\u00edcia Rabelo, encerrou o evento: \u201cespero que voc\u00eas saiam daqui como agentes de transforma\u00e7\u00e3o e mudan\u00e7a\u201d.</p>\r\n<p>O Parlamento Jovem \u00e9 um projeto gratuito vinculado \u00e0 Assembleia Legislativa de Minas Gerais - ALMG, que visa propiciar uma forma\u00e7\u00e3o pol\u00edtica e cidad\u00e3 aos adolescentes que cursam o Ensino M\u00e9dio no munic\u00edpio.\u00a0O programa \u00e9 dividido em tr\u00eas etapas - Municipal, Regional e Estadual, e os encontros ocorrem \u00e0s ter\u00e7as-feiras, \u00e0s 18 horas, na C\u00e2mara.</p>", "author_name": "luisateixeira", "version": "1.0", "author_url": "https://www.arcos.mg.leg.br/author/luisateixeira", "provider_name": "C\u00e2mara Municipal de Arcos", "type": "rich"}