{"provider_url": "https://www.arcos.mg.leg.br", "title": "C\u00e2mara presta homenagem a defensores da causa animal em Arcos", "html": "<p style=\"text-align: center; \"><img src=\"https://www.arcos.mg.leg.br/imagens/copy_of_IMG_8291.jpg\" alt=\"\" class=\"image-inline\" title=\"\" /></p>\r\n<p>Nove pessoas que se dedicam \u00e0 causa animal em Arcos foram homenageadas na C\u00e2mara na noite de ontem, 13 de outubro. S\u00e3o elas:</p>\r\n<p>Ernestina Vieira de Oliveira</p>\r\n<p>Genoveva Aparecida Moreira</p>\r\n<p>Lucimar Aureliano de Melo</p>\r\n<p>Lucr\u00e9cia Fortunato Vieira de Vasconcelos</p>\r\n<p>Maria Romilda da Silva</p>\r\n<p>Marilene de Faria Soraggi</p>\r\n<p>Romilda Maria Ramos da Silva</p>\r\n<p>Vanderlei de Almeida Lopes</p>\r\n<p>X\u00eania Teixeira de Oliveira</p>\r\n<p>Indicadas pelos vereadores, elas receberam a honraria Amor por 4 Patas pelo trabalho de prote\u00e7\u00e3o e defesa dos direitos dos animais. Segundo a vereadora Leslie Mariana (Agir36): \u201cessa \u00e9 a nossa homenagem a voc\u00eas. \u00c9 uma forma de agradecer pelo que voc\u00eas fazem. Porque eu vejo: \u00e9 de manh\u00e3, \u00e9 de tarde, \u00e9 de noite. J\u00e1 te vi, Genoveva, de madrugada ali na avenida socorrendo animais. E o que voc\u00eas fazem \u00e9 inexplic\u00e1vel. N\u00e3o tem palavras. Meu muito obrigada\u201d.</p>\r\n<p>A honraria Amor por 4 Patas \u00e9 uma iniciativa dos vereadores Alex Didier (Solidariedade) e Jaiane Soares (Republicanos), atrav\u00e9s da <a class=\"external-link\" href=\"https://sapl.arcos.mg.leg.br/materia/630\" target=\"_blank\" title=\"\">Lei Ordin\u00e1ria N\u00ba 3.180, de 10 de mar\u00e7o de 2025.</a></p>\r\n<p style=\"text-align: center; \"><img src=\"https://www.arcos.mg.leg.br/imagens/IMG_8215.jpg\" alt=\"\" class=\"image-inline\" title=\"\" /></p>\r\n<p style=\"text-align: center; \"><img src=\"https://www.arcos.mg.leg.br/imagens/IMG_8224.jpg\" alt=\"\" class=\"image-inline\" title=\"\" /></p>\r\n<p style=\"text-align: center; \"><img src=\"https://www.arcos.mg.leg.br/imagens/IMG_8247.jpg\" alt=\"\" class=\"image-inline\" title=\"\" /></p>\r\n<p style=\"text-align: center; \"><img src=\"https://www.arcos.mg.leg.br/imagens/IMG_8232.jpg\" alt=\"\" class=\"image-inline\" title=\"\" /></p>\r\n<p style=\"text-align: center; \"><img src=\"https://www.arcos.mg.leg.br/imagens/IMG_8249.jpg\" alt=\"\" class=\"image-inline\" title=\"\" /></p>\r\n<p style=\"text-align: center; \"><img src=\"https://www.arcos.mg.leg.br/imagens/IMG_8263.jpg\" alt=\"\" class=\"image-inline\" title=\"\" /></p>\r\n<p style=\"text-align: center; \"><img src=\"https://www.arcos.mg.leg.br/imagens/IMG_8256.jpg\" alt=\"\" class=\"image-inline\" title=\"\" /></p>\r\n<p style=\"text-align: center; \"><img src=\"https://www.arcos.mg.leg.br/imagens/IMG_8270.jpg\" alt=\"\" class=\"image-inline\" title=\"\" /></p>", "author_name": "luisateixeira", "version": "1.0", "author_url": "https://www.arcos.mg.leg.br/author/luisateixeira", "provider_name": "C\u00e2mara Municipal de Arcos", "type": "rich"}