{"provider_url": "https://www.arcos.mg.leg.br", "title": "Licita\u00e7\u00f5es 2025", "html": "<p>\u00a0</p>\r\n<table class=\"tablelicitacao\">\r\n<tbody>\r\n<tr><th>OBJETO</th><th>MODALIDADE</th><th>DATA ABERTURA</th><th>DATA REALIZA\u00c7\u00c3O</th><th>STATUS</th></tr>\r\n<tr>\r\n<td><b><a title=\"\" href=\"https://www.arcos.mg.leg.br/licitacoes-e-contratos/licitacoes-2025/estagio/credenciamento-de-instituicoes-de-ensino-para-oferta-de-campo-de-estagio\" class=\"internal-link\" target=\"_self\">CREDENCIAMENTO DE INSTITUI\u00c7\u00d5ES DE ENSINO PARA OFERTA DE CAMPO DE EST\u00c1GIO</a></b></td>\r\n<td><span><span>INEXIGIBILIDADE</span></span></td>\r\n<td>18/08/2025</td>\r\n<td>-</td>\r\n<td><b><b><b>ABERTA</b></b></b></td>\r\n</tr>\r\n<tr>\r\n<td><strong><a title=\"\" href=\"https://www.arcos.mg.leg.br/licitacoes-e-contratos/licitacoes-2025/digitalizacao-de-arquivos/contratacao-de-servico-de-digitalizacao-indexacao-e-organizacao-de-arquivos-da-camara-municipal-de-arcos-mg\" class=\"internal-link\" target=\"_self\"><strong><strong></strong></strong></a><strong><strong><a title=\"\" href=\"https://www.arcos.mg.leg.br/licitacoes-e-contratos/licitacoes-2025/plano-de-saude\" class=\"internal-link\" target=\"_self\">CREDENCIAMENTO PARA CONTRATA\u00c7\u00c3O DE PLANO DE SA\u00daDE PARA OS SERVIDORES DA C\u00c2MARA MUNICIPAL DE ARCOS</a></strong></strong></strong></td>\r\n<td><span>INEXIGIBILIDADE</span></td>\r\n<td>25/10/2023</td>\r\n<td>-</td>\r\n<td><b><b>ABERTA</b></b></td>\r\n</tr>\r\n<tr>\r\n<td><strong><strong><strong><a title=\"\" href=\"https://www.arcos.mg.leg.br/licitacoes-e-contratos/licitacoes-2025/plano-de-saude\" class=\"internal-link\" target=\"_self\"><b></b></a><b><a title=\"\" href=\"https://www.arcos.mg.leg.br/licitacoes-e-contratos/licitacoes-2025/ticket-alimentacao/servicos-de-administracao-fornecimento-e-gerenciamento-de-vale-alimentacao-por-meio-de-cartao-eletronico-magnetico\" class=\"internal-link\" target=\"_blank\">SERVI\u00c7OS DE ADMINISTRA\u00c7\u00c3O, FORNECIMENTO E GERENCIAMENTO DE VALE ALIMENTA\u00c7\u00c3O, POR MEIO DE CART\u00c3O ELETR\u00d4NICO/MAGN\u00c9TICO</a></b></strong></strong></strong></td>\r\n<td><span>PREG\u00c3O ELETR\u00d4NICO</span></td>\r\n<td>02/10/2025</td>\r\n<td>15/10/2025 \u00e0s 13hs</td>\r\n<td><b>FECHADA</b></td>\r\n</tr>\r\n<tr>\r\n<td><strong><a title=\"\" href=\"https://www.arcos.mg.leg.br/licitacoes-e-contratos/licitacoes-2025/digitalizacao-de-arquivos/contratacao-de-servico-de-digitalizacao-indexacao-e-organizacao-de-arquivos-da-camara-municipal-de-arcos-mg\" class=\"internal-link\" target=\"_self\">CONTRATA\u00c7\u00c3O DE SERVI\u00c7O DE DIGITALIZA\u00c7\u00c3O, INDEXA\u00c7\u00c3O E ORGANIZA\u00c7\u00c3O DE ARQUIVOS</a></strong></td>\r\n<td><span>PREG\u00c3O ELETR\u00d4NICO</span></td>\r\n<td>08/07/2025</td>\r\n<td>21/07/2025 \u00e0s 14h</td>\r\n<td><b>FECHADA</b></td>\r\n</tr>\r\n<tr>\r\n<td><strong><a title=\"\" href=\"https://www.arcos.mg.leg.br/licitacoes-e-contratos/licitacoes-2025/plano-de-saude\" class=\"internal-link\" target=\"_self\"><strong><span class=\"visualHighlight\">CANCELADA</span>\u00a0-\u00a0</strong></a><strong><a title=\"\" href=\"https://www.arcos.mg.leg.br/licitacoes-e-contratos/licitacoes-2025/digitalizacao-de-arquivo/contratacao-de-servico-de-digitalizacao-indexacao-e-organizacao-de-arquivos-da-camara-municipal-de-arcos-mg\" class=\"internal-link\" target=\"_self\">CONTRATA\u00c7\u00c3O DE SERVI\u00c7O DE DIGITALIZA\u00c7\u00c3O, INDEXA\u00c7\u00c3O E ORGANIZA\u00c7\u00c3O DE ARQUIVOS</a></strong></strong></td>\r\n<td>PREG\u00c3O ELETR\u00d4NICO</td>\r\n<td>13/05/2025</td>\r\n<td>24/06/2025 \u00e0s 14h</td>\r\n<td><strong><b>FECHADA</b></strong></td>\r\n</tr>\r\n<tr>\r\n<td><strong><a title=\"\" href=\"https://www.arcos.mg.leg.br/licitacoes-e-contratos/licitacoes-2025/reunioes-solenes\" class=\"internal-link\" target=\"_self\">SERVI\u00c7OS PARA REALIZA\u00c7\u00c3O DE REUNI\u00d5ES SOLENE NO ANO DE 2025</a></strong></td>\r\n<td><span><span>PREG\u00c3O PRESENCIAL</span><span></span></span></td>\r\n<td>07/02/2025</td>\r\n<td><span>26/02/2025 \u00e0s 14h30M</span></td>\r\n<td><b>FECHADA</b></td>\r\n</tr>\r\n<tr>\r\n<td><strong><a title=\"\" href=\"https://www.arcos.mg.leg.br/licitacoes-e-contratos/licitacoes-2025/reforma-da-cobertura\" class=\"internal-link\" target=\"_self\">AQUISI\u00c7\u00c3O DE SERVI\u00c7O DE REFORMA DE COBERTURA</a></strong></td>\r\n<td><span><span>PREG\u00c3O PRESENCIAL</span></span></td>\r\n<td>05/02/2025</td>\r\n<td>25/02/2025 \u00e0s 14h30m</td>\r\n<td><b>FECHADA</b></td>\r\n</tr>\r\n<tr>\r\n<td><strong><a title=\"\" href=\"https://www.arcos.mg.leg.br/licitacoes-e-contratos/licitacoes-2025/transmissao-radio\" class=\"internal-link\" target=\"_self\">CONTRATA\u00c7\u00c3O DE EMISSORA DE R\u00c1DIO AM/FM PARA PRESTA\u00c7\u00c3O DOS SERVI\u00c7OS DE TRANSMISS\u00c3O AO VIVO DAS REUNI\u00d5ES ORDIN\u00c1RIAS DA C\u00c2MARA MUNICIPAL DE ARCOS</a></strong></td>\r\n<td><span>PREG\u00c3O PRESENCIAL</span></td>\r\n<td>03/02/2025</td>\r\n<td>14/02/2025 \u00e0s 14h30m</td>\r\n<td><b>FECHADA</b></td>\r\n</tr>\r\n</tbody>\r\n</table>", "author_name": "", "version": "1.0", "author_url": "https://www.arcos.mg.leg.br/author/patriciaproenca", "provider_name": "C\u00e2mara Municipal de Arcos", "type": "rich"}