{"provider_url": "https://www.arcos.mg.leg.br", "title": "Licita\u00e7\u00f5es - 2024", "html": "<p>\u00a0</p>\r\n<table class=\"tablelicitacao\">\r\n<tbody>\r\n<tr><th>OBJETO</th><th>MODALIDADE</th><th>DATA ABERTURA</th><th>DATA REALIZA\u00c7\u00c3O</th><th>STATUS</th></tr>\r\n<tr>\r\n<td><strong><a title=\"\" href=\"https://www.arcos.mg.leg.br/licitacoes-e-contratos/licitacoes/plano-de-saude\" class=\"internal-link\" target=\"_blank\">CREDENCIAMENTO PARA CONTRATA\u00c7\u00c3O DE PLANO DE SA\u00daDE PARA OS SERVIDORES DA C\u00c2MARA MUNICIPAL DE ARCOS</a></strong></td>\r\n<td>INEXIBILIDADE</td>\r\n<td>25/10/2023</td>\r\n<td>-\u00a0</td>\r\n<td><strong>ABERTA</strong></td>\r\n</tr>\r\n<tr>\r\n<td><strong><a title=\"\" href=\"https://www.arcos.mg.leg.br/licitacoes-e-contratos/licitacoes/video-wall\" class=\"internal-link\" target=\"_blank\">CONTRATA\u00c7\u00c3O DE SERVI\u00c7OS DE AQUISI\u00c7\u00c3O DE SOLU\u00c7\u00c3O INTEGRADA DE V\u00cdDEO WALL</a></strong></td>\r\n<td><span><span>PREG\u00c3O PRESENCIAL</span></span></td>\r\n<td>19/04/2024</td>\r\n<td>20/05/2024 \u00c0S 14:30</td>\r\n<td><strong><strong>FECHADA</strong></strong></td>\r\n</tr>\r\n<tr>\r\n<td><strong><a title=\"\" href=\"https://www.arcos.mg.leg.br/licitacoes-e-contratos/licitacoes/contratacao-de-empresa-especializada-para-fornecimento-dos-equipamentos-e-instalacao-de-usina-de-energia-solar-fotovoltaica-para-o-predio-da-camara-municipal-de-arcos-mg\" class=\"internal-link\" target=\"_blank\">CONTRATA\u00c7\u00c3O DE EMPRESA ESPECIALIZADA PARA FORNECIMENTO DOS EQUIPAMENTOS E INSTALA\u00c7\u00c3O DE USINA DE ENERGIA SOLAR FOTOVOLTAICA PARA O PR\u00c9DIO DA C\u00c2MARA MUNICIPAL DE ARCOS/MG</a></strong></td>\r\n<td><span>PREG\u00c3O PRESENCIAL</span></td>\r\n<td>25/03/2024</td>\r\n<td>22/04/20241 \u00c0S 14:30</td>\r\n<td><strong>FECHADA</strong><strong></strong></td>\r\n</tr>\r\n<tr>\r\n<td><strong><a title=\"\" href=\"https://www.arcos.mg.leg.br/licitacoes-e-contratos/licitacoes/plano-de-saude\" class=\"internal-link\" target=\"_blank\"><strong></strong></a><strong><a title=\"\" href=\"https://www.arcos.mg.leg.br/licitacoes-e-contratos/licitacoes/contratacao-de-empresa-para-capacitacao-de-servidor-dessa-casa-legislativa\" class=\"internal-link\" target=\"_blank\">CONTRATA\u00c7\u00c3O DE EMPRESA PARA CAPACITA\u00c7\u00c3O DE SERVIDOR DESSA CASA LEGISLATIVA</a></strong></strong></td>\r\n<td><span>INEXIBILIDADE</span></td>\r\n<td><span>12/03/2024</span></td>\r\n<td>-</td>\r\n<td><strong><strong>FECHADA</strong></strong></td>\r\n</tr>\r\n<tr>\r\n<td><b><a title=\"\" href=\"https://www.arcos.mg.leg.br/licitacoes-e-contratos/licitacoes/contratacao-de-servicos-em-razao-dos-eventos-a-serem-realizados-em-2024-pela-camara-municipal-de-arcos\" class=\"internal-link\" target=\"_blank\">CONTRATA\u00c7\u00c3O DE SERVI\u00c7OS EM RAZ\u00c3O DOS EVENTOS A SEREM REALIZADOS EM 2024 PELA C\u00c2MARA MUNICIPAL DE ARCOS</a></b></td>\r\n<td>PREG\u00c3O PRESENCIAL</td>\r\n<td>23/02/2024</td>\r\n<td>07/03/2024 \u00c0S 14:30</td>\r\n<td><strong>FECHADA</strong></td>\r\n</tr>\r\n<tr>\r\n<td><b><a title=\"\" href=\"https://www.arcos.mg.leg.br/licitacoes-e-contratos/licitacoes/contratacao-de-servicos-em-razao-dos-eventos-a-serem-realizados-em-2024-pela-camara-municipal-de-arcos\" class=\"internal-link\" target=\"_blank\"><strong><strong></strong></strong></a><strong><strong><a title=\"\" href=\"https://www.arcos.mg.leg.br/licitacoes-e-contratos/licitacoes/contratacao-de-empresa-para-capacitacao-de-servidor-dessa-casa-legislativa-1\" class=\"internal-link\" target=\"_blank\">CONTRATA\u00c7\u00c3O DE EMPRESA PARA CAPACITA\u00c7\u00c3O DE SERVIDOR DESSA CASA LEGISLATIVA</a></strong></strong></b><a title=\"\" href=\"https://www.arcos.mg.leg.br/licitacoes-e-contratos/licitacoes/contratacao-de-servicos-em-razao-dos-eventos-a-serem-realizados-em-2024-pela-camara-municipal-de-arcos\" class=\"internal-link\" target=\"_blank\"></a></td>\r\n<td><span>INEXIBILIDADE</span></td>\r\n<td>23/02/2024</td>\r\n<td>-</td>\r\n<td><strong>FECHADA</strong><strong></strong></td>\r\n</tr>\r\n<tr>\r\n<td><b><strong><strong><span><a title=\"\" href=\"https://www.arcos.mg.leg.br/licitacoes-e-contratos/licitacoes/contratacao-de-empresa-para-capacitacao-de-vereador-da-camara-municipal-de-arcos-mg\" class=\"internal-link\" target=\"_blank\">CONTRATA\u00c7\u00c3O DE EMPRESA PARA CAPACITA\u00c7\u00c3O DE VEREADOR DA CAMARA MUNICIPAL DE ARCOS/MG</a></span></strong></strong></b></td>\r\n<td><span><span>INEXIBILIDADE</span></span></td>\r\n<td>15/02/2024</td>\r\n<td>-</td>\r\n<td><strong><strong>FECHADA</strong></strong></td>\r\n</tr>\r\n<tr>\r\n<td><b><strong><strong><span><span><a title=\"\" href=\"https://www.arcos.mg.leg.br/licitacoes-e-contratos/licitacoes/contratacao-de-empresa-para-prestacao-de-limpeza-de-vidros-da-camara-municipal-de-arcos\" class=\"internal-link\" target=\"_blank\">CONTRATA\u00c7\u00c3O DE EMPRESA PARA PRESTA\u00c7\u00c3O DE LIMPEZA DE VIDROS DA CAMARA MUNICIPAL DE ARCOS</a></span></span></strong></strong></b></td>\r\n<td><span><span>DISPENSA</span></span></td>\r\n<td>06/02/2024</td>\r\n<td>-\u00a0</td>\r\n<td><strong><strong><strong>FECHADA</strong></strong></strong></td>\r\n</tr>\r\n<tr>\r\n<td><b><strong><strong><span><span><span><a title=\"\" href=\"https://www.arcos.mg.leg.br/licitacoes-e-contratos/licitacoes/contratacao-de-empresa-para-capacitacao-de-servidor-da-camara-municipal-de-arcos\" class=\"internal-link\" target=\"_blank\">CONTRATA\u00c7\u00c3O DE EMPRESA PARA CAPACITA\u00c7\u00c3O DE SERVIDOR DA CAMARA MUNICIPAL DE ARCOS</a></span></span></span></strong></strong></b></td>\r\n<td><span><span><span>INEXIBILIDADE</span></span></span></td>\r\n<td>31/01/2024</td>\r\n<td>-</td>\r\n<td><strong><strong><strong><strong>FECHADA</strong></strong></strong></strong></td>\r\n</tr>\r\n<tr>\r\n<td><b><strong><strong><span><span><span><span><a title=\"\" href=\"https://www.arcos.mg.leg.br/licitacoes-e-contratos/licitacoes/contratacao-de-empresa-para-fornecimento-de-materiais-de-papelaria-para-a-camara-municipal-de-arco\" class=\"internal-link\" target=\"_blank\">CONTRATA\u00c7\u00c3O DE EMPRESA PARA FORNECIMENTO DE MATERIAIS DE PAPELARIA PARA A CAMARA MUNICIPAL DE ARCOS</a></span></span></span></span></strong></strong></b></td>\r\n<td><span><span><span><span>DISPENSA</span></span></span></span></td>\r\n<td>30/01/2024</td>\r\n<td>-</td>\r\n<td><strong><strong><strong><strong><strong>FECHADA</strong></strong></strong></strong></strong></td>\r\n</tr>\r\n<tr>\r\n<td><b><strong><strong><span><span><span><span><span><a title=\"\" href=\"https://www.arcos.mg.leg.br/licitacoes-e-contratos/licitacoes/contratacao-de-empresa-para-fornecimento-de-materiais-de-limpeza-para-a-camara-municipal-de-arcos\" class=\"internal-link\" target=\"_blank\">CONTRATA\u00c7\u00c3O DE EMPRESA PARA FORNECIMENTO DE MATERIAIS DE LIMPEZA PARA A CAMARA MUNICIPAL DE ARCOS</a></span></span></span></span></span></strong></strong></b></td>\r\n<td><span><span><span><span><span>DISPENSA</span></span></span></span></span></td>\r\n<td><span>30/01/2024</span></td>\r\n<td>-</td>\r\n<td><strong><strong><strong><strong><strong><strong>FECHADA</strong></strong></strong></strong></strong></strong></td>\r\n</tr>\r\n<tr>\r\n<td><b><b><b><a title=\"\" href=\"https://www.arcos.mg.leg.br/licitacoes-e-contratos/licitacoes/contratacao-de-empresa-para-prestacao-de-servicos-de-manutencao-e-limpeza-dos-condicionadores-de-ar\" class=\"internal-link\" target=\"_blank\">CONTRATA\u00c7\u00c3O DE EMPRESA PARA PRESTA\u00c7\u00c3O DE SERVI\u00c7OS DE MANUTEN\u00c7\u00c3O E LIMPEZA DOS CONDICIONADORES DE AR</a></b></b></b></td>\r\n<td><span>DISPENSA</span></td>\r\n<td>30/01/2024</td>\r\n<td>16/02/2024</td>\r\n<td><strong>FECHADA</strong></td>\r\n</tr>\r\n<tr>\r\n<td><b><b><a title=\"\" href=\"https://www.arcos.mg.leg.br/licitacoes-e-contratos/licitacoes/contratacao-de-empresa-para-fornecimento-de-suprimentos-de-supermercado\" class=\"internal-link\" target=\"_blank\">CONTRATA\u00c7\u00c3O DE EMPRESA PARA FORNECIMENTO DE SUPRIMENTOS DE SUPERMERCADO PARA A C\u00c2MARA MUNICIPAL DE ARCOS</a></b></b></td>\r\n<td><span>DISPENSA</span></td>\r\n<td>30/01/2024</td>\r\n<td>07/02/2024</td>\r\n<td><strong>FECHADA</strong></td>\r\n</tr>\r\n<tr>\r\n<td><b><b><b><a title=\"\" href=\"https://www.arcos.mg.leg.br/licitacoes-e-contratos/licitacoes/contratacao-de-empresa-para-assistencia-tecnica-de-equipamentos-de-som-para-a-camara-municipal-de-ar\" class=\"internal-link\" target=\"_blank\">CONTRATA\u00c7\u00c3O DE EMPRESA PARA ASSIST\u00caNCIA T\u00c9CNICA DE EQUIPAMENTOS DE SOM PARA A C\u00c2MARA MUNICIPAL DE ARCOS</a></b></b></b></td>\r\n<td><span>DISPENSA</span></td>\r\n<td>30/01/2024</td>\r\n<td>07/02/2024</td>\r\n<td><b>FECHADA</b></td>\r\n</tr>\r\n<tr>\r\n<td><b><b><a title=\"\" href=\"https://www.arcos.mg.leg.br/licitacoes-e-contratos/licitacoes/contratacao-de-empresa-para-fornecimento-de-lanches-para-a-camara-municipal-de-arcos\" class=\"internal-link\" target=\"_blank\">CONTRATA\u00c7\u00c3O DE EMPRESAS PARA LOCA\u00c7\u00c3O DE SERVI\u00c7OS E MANUTEN\u00c7\u00c3O DE IMPRESSORAS PARA C\u00c2MARA MUNICIPAL DE ARCOS</a></b><a title=\"\" href=\"resolveuid/a2a7dda45b2e4b52a8537e4b4154f25a\" class=\"internal-link\" target=\"_blank\"></a></b></td>\r\n<td><span>DISPENSA</span></td>\r\n<td>30/01/2024</td>\r\n<td>06/02/2024</td>\r\n<td><strong>FECHADA</strong></td>\r\n</tr>\r\n<tr>\r\n<td><b><a title=\"\" href=\"https://www.arcos.mg.leg.br/licitacoes-e-contratos/licitacoes/contratacao-de-empresa-para-fornecimento-de-lanches-para-a-camara-municipal-de-arcos\" class=\"internal-link\" target=\"_blank\">CONTRATA\u00c7\u00c3O DE EMPRESAS PARA FORNECIMENTO DE LANCHES PARA C\u00c2MARA MUNICIPAL DE ARCOS</a></b></td>\r\n<td><span>DISPENSA</span></td>\r\n<td>30/01/2024</td>\r\n<td>09/02/2024\u00a0</td>\r\n<td><strong>FECHADA</strong></td>\r\n</tr>\r\n</tbody>\r\n</table>", "author_name": "", "version": "1.0", "author_url": "https://www.arcos.mg.leg.br/author/patriciaproenca", "provider_name": "C\u00e2mara Municipal de Arcos", "type": "rich"}