{"provider_url": "https://www.arcos.mg.leg.br", "title": "Licita\u00e7\u00f5es 2026", "html": "<p>\u00a0</p>\r\n<table class=\"tablelicitacao\">\r\n<tbody>\r\n<tr><th>OBJETO</th><th>MODALIDADE</th><th>DATA ABERTURA</th><th>DATA REALIZA\u00c7\u00c3O</th><th><a title=\"\" href=\"https://www.arcos.mg.leg.br/licitacoes-e-contratos/avisos-de-licitacoes-2026/transmissao\" class=\"internal-link\" target=\"_self\">STATUS</a></th></tr>\r\n<tr>\r\n<td>\r\n<h3><strong><a title=\"\" href=\"https://www.arcos.mg.leg.br/licitacoes-e-contratos/avisos-de-licitacoes-2026/transmissao\" class=\"internal-link\" target=\"_self\">SERVI\u00c7O DE TRANSMISS\u00c3O DAS REUNI\u00d5ES E EVENTOS DA C\u00c2MARA MUNICIPAL DE ARCOS VIA INTERNET\u00a0</a></strong></h3>\r\n</td>\r\n<td>\r\n<h3>PREG\u00c3O ELETR\u00d4NICO</h3>\r\n</td>\r\n<td>\r\n<h3>09/03/2026</h3>\r\n</td>\r\n<td>\r\n<h3>23/03/2026 \u00e0s 14h</h3>\r\n</td>\r\n<td>\r\n<h3>ABERTA</h3>\r\n</td>\r\n</tr>\r\n<tr>\r\n<td>\r\n<h3><strong><a title=\"\" href=\"https://www.arcos.mg.leg.br/licitacoes-e-contratos/avisos-de-licitacoes-2026/eventos\" class=\"internal-link\" target=\"_self\">SERVI\u00c7OS PARA REALIZA\u00c7\u00c3O DE REUNI\u00d5ES SOLENE NO ANO DE 2026</a></strong></h3>\r\n</td>\r\n<td>\r\n<h3>PREG\u00c3O PRESENCIAL</h3>\r\n</td>\r\n<td>\r\n<h3>10/02/2026</h3>\r\n</td>\r\n<td>\r\n<h3>26/02/2026 \u00e0s 14h30M</h3>\r\n</td>\r\n<td>\r\n<h3><b>FECHADA</b></h3>\r\n</td>\r\n</tr>\r\n</tbody>\r\n</table>", "author_name": "", "version": "1.0", "author_url": "https://www.arcos.mg.leg.br/author/patriciaproenca", "provider_name": "C\u00e2mara Municipal de Arcos", "type": "rich"}