{"provider_url": "https://www.arcos.mg.leg.br", "title": "Licita\u00e7\u00f5es 2023", "html": "<p>\u00a0</p>\r\n<table class=\"tablelicitacao\">\r\n<tbody>\r\n<tr><th>OBJETO</th><th>MODALIDADE</th><th>DATA ABERTURA</th><th>DATA REALIZA\u00c7\u00c3O</th><th>STATUS</th></tr>\r\n<tr>\r\n<td><strong><a title=\"\" href=\"https://www.arcos.mg.leg.br/licitacoes-e-contratos/licitacoes/plano-de-saude\" class=\"internal-link\" target=\"_blank\">CREDENCIAMENTO PARA CONTRATA\u00c7\u00c3O DE PLANO DE SA\u00daDE PARA OS SERVIDORES DA C\u00c2MARA MUNICIPAL DE ARCOS</a></strong></td>\r\n<td>INEXIBILIDADE</td>\r\n<td>25/10/2023</td>\r\n<td>-\u00a0</td>\r\n<td><strong>ABERTA</strong></td>\r\n</tr>\r\n<tr>\r\n<td><b><span><a title=\"\" href=\"https://www.arcos.mg.leg.br/licitacoes-e-contratos/2023/contratacao-de-empresa-para-capacitacao-de-vereador-04-12-2023\" class=\"internal-link\" target=\"_blank\">CONTRATA\u00c7\u00c3O DE EMPRESA PARA CAPACITA\u00c7\u00c3O DE VEREADOR DA CAMARA MUNICIPAL DE ARCOS/MG</a></span></b></td>\r\n<td><span><span>INEXIBILIDADE</span></span></td>\r\n<td>04/12/2023</td>\r\n<td>-</td>\r\n<td><strong><strong>FECHADA</strong></strong></td>\r\n</tr>\r\n<tr>\r\n<td><b><span><a title=\"\" href=\"https://www.arcos.mg.leg.br/licitacoes-e-contratos/2023/contratacao-de-empresa-para-capacitacao-de-servidor-da-camara-municipal-de-arcos\" class=\"internal-link\" target=\"_blank\">CONTRATA\u00c7\u00c3O DE EMPRESA PARA CAPACITA\u00c7\u00c3O DE SERVIDOR DA C\u00c2MARA MUNICIPAL DE ARCOS</a></span><a title=\"\" href=\"https://www.arcos.mg.leg.br/licitacoes-e-contratos/licitacoes/contratacao-de-empresa-para-fornecimento-de-lanches-para-a-camara-municipal-de-arcos\" class=\"internal-link\" target=\"_blank\"></a></b></td>\r\n<td><span>INEXIBILIDADE</span><span></span></td>\r\n<td>27/11/2023</td>\r\n<td>-</td>\r\n<td><strong>FECHADA</strong><strong></strong></td>\r\n</tr>\r\n<tr>\r\n<td><b><span><a title=\"\" href=\"https://www.arcos.mg.leg.br/licitacoes-e-contratos/2023/aquisicao-de-televisor\" class=\"internal-link\" target=\"_blank\">AQUISI\u00c7\u00c3O DE TELEVISOR</a></span></b></td>\r\n<td>OBTEN\u00c7\u00c3O DE OR\u00c7AMENTO</td>\r\n<td>17/11/2023</td>\r\n<td>22/11/2023</td>\r\n<td><strong>FECHADA</strong><strong></strong></td>\r\n</tr>\r\n<tr>\r\n<td><b><span><a title=\"\" href=\"https://www.arcos.mg.leg.br/licitacoes-e-contratos/2023/contratacao-de-empresa-para-confeccao-de-convite-para-reuniao-solene-de-honra-ao-merito\" class=\"internal-link\" target=\"_blank\">CONTRATA\u00c7\u00c3O DE EMPRESA PARA CONFEC\u00c7\u00c3O DE CONVITE PARA REUNI\u00c3O SOLENE DE HONRA AO M\u00c9RITO</a></span></b></td>\r\n<td>DISPENSA</td>\r\n<td>13/11/2023</td>\r\n<td>-</td>\r\n<td><strong>FECHADA</strong><strong></strong></td>\r\n</tr>\r\n<tr>\r\n<td><b><a title=\"\" href=\"https://www.arcos.mg.leg.br/licitacoes-e-contratos/2023/contratacao-de-servicos-em-razao-do-evento-de-honra-ao-merito-e-cidadania-honoraria\" class=\"internal-link\" target=\"_blank\">CONTRATA\u00c7\u00c3O DE SERVI\u00c7OS EM RAZ\u00c3O DO EVENTO DE HONRA AO M\u00c9RITO E CIDADANIA HONOR\u00c1RIA</a></b></td>\r\n<td>PREG\u00c3O PRESENCIAL</td>\r\n<td>20/10/2023</td>\r\n<td>08/11/2023</td>\r\n<td><strong>FECHADA</strong></td>\r\n</tr>\r\n<tr>\r\n<td><b><a title=\"\" href=\"https://www.arcos.mg.leg.br/licitacoes-e-contratos/2023/contratacao-de-empresa-para-capacitacao-de-servidor-da-camara-municipal-de-arcos\" class=\"internal-link\" target=\"_blank\">CONTRATA\u00c7\u00c3O DE EMPRESA PARA CAPACITA\u00c7\u00c3O DE VEREADOR DA C\u00c2MARA MUNICIPAL DE ARCOS</a><a title=\"\" href=\"https://www.arcos.mg.leg.br/licitacoes-e-contratos/licitacoes/contratacao-de-empresa-para-fornecimento-de-lanches-para-a-camara-municipal-de-arcos\" class=\"internal-link\" target=\"_blank\"></a></b></td>\r\n<td><span>INEXIBILIDADE</span><span></span></td>\r\n<td>16/10/2023</td>\r\n<td>-</td>\r\n<td><strong>FECHADA</strong><strong></strong></td>\r\n</tr>\r\n<tr>\r\n<td><b><a title=\"\" href=\"https://www.arcos.mg.leg.br/licitacoes-e-contratos/2023/contratacao-de-empresa-para-capacitacao-de-servidor-dessa-casa-legislativa\" class=\"internal-link\" target=\"_blank\">CONTRATA\u00c7\u00c3O DE EMPRESA PARA CAPACITA\u00c7\u00c3O DE SERVIDOR DESSA CASA LEGISLATIVA</a><a title=\"\" href=\"https://www.arcos.mg.leg.br/licitacoes-e-contratos/licitacoes/contratacao-de-empresa-para-fornecimento-de-lanches-para-a-camara-municipal-de-arcos\" class=\"internal-link\" target=\"_blank\"></a></b></td>\r\n<td><span>INEXIBILIDADE</span><span></span></td>\r\n<td>10/10/2023</td>\r\n<td>-</td>\r\n<td><strong>FECHADA</strong><strong></strong></td>\r\n</tr>\r\n<tr>\r\n<td><b><a title=\"\" href=\"https://www.arcos.mg.leg.br/licitacoes-e-contratos/2023/contratacao-de-empresa-para-capacitacao-de-servidor-dessa-casa-legislativa-1\" class=\"internal-link\" target=\"_self\">CONTRATA\u00c7\u00c3O DE EMPRESA PARA CAPACITA\u00c7\u00c3O DE SERVIDOR DESSA CASA LEGISLATIVA</a></b></td>\r\n<td><span>INEXIBILIDADE</span><span></span></td>\r\n<td><span>09/10/2023</span></td>\r\n<td>-</td>\r\n<td><strong>FECHADA</strong><strong></strong></td>\r\n</tr>\r\n<tr>\r\n<td><b><a title=\"\" href=\"https://www.arcos.mg.leg.br/licitacoes-e-contratos/2023/contratacao-de-empresa-para-capacitacao-de-servidor-dessa-casa-legislativa-20-2023\" class=\"internal-link\" target=\"_self\">CONTRATA\u00c7\u00c3O DE EMPRESA PARA CAPACITA\u00c7\u00c3O DE SERVIDOR DESSA CASA LEGISLATIVA</a></b></td>\r\n<td><span>INEXIBILIDADE</span></td>\r\n<td><span>09/10/2023</span></td>\r\n<td>-</td>\r\n<td><strong>FECHADA</strong></td>\r\n</tr>\r\n<tr>\r\n<td><b><a title=\"\" href=\"https://www.arcos.mg.leg.br/licitacoes-e-contratos/2023/aquisicao-de-itens-de-informatica\" class=\"internal-link\" target=\"_self\">AQUISI\u00c7\u00c3O DE ITENS DE INFORM\u00c1TICA</a>\u00a0</b></td>\r\n<td><span><span>OBTEN\u00c7\u00c3O DE OR\u00c7AMENTO</span></span></td>\r\n<td><span>04/10/2023</span></td>\r\n<td>11/10/2023</td>\r\n<td><strong><strong>FECHADA</strong></strong></td>\r\n</tr>\r\n<tr>\r\n<td><b><a title=\"\" href=\"https://www.arcos.mg.leg.br/licitacoes-e-contratos/2023/servico-de-confeccao-de-placas-de-homenagem\" class=\"internal-link\" target=\"_self\">SERVI\u00c7O DE CONFEC\u00c7\u00c3O DE PLACAS DE HOMENAGEM</a></b></td>\r\n<td><span><span>OBTEN\u00c7\u00c3O DE OR\u00c7AMENTO</span><span></span></span></td>\r\n<td><span>28/09/2023</span></td>\r\n<td>05/10/2023</td>\r\n<td><strong><strong><strong>FECHADA</strong></strong></strong></td>\r\n</tr>\r\n<tr>\r\n<td><b><span><a title=\"\" href=\"https://www.arcos.mg.leg.br/licitacoes-e-contratos/2023/contratacao-de-empresa-para-capacitacao-de-servidores-da-camara-municipal-de-arcos\" class=\"internal-link\" target=\"_self\">CONTRATA\u00c7\u00c3O DE EMPRESA PARA CAPACITA\u00c7\u00c3O DE SERVIDORES DA C\u00c2MARA MUNICIPAL DE ARCOS</a></span></b></td>\r\n<td><span><span><span>INEXIBILIDADE</span></span></span></td>\r\n<td><span>19/09/2023</span></td>\r\n<td>-</td>\r\n<td><strong><strong><strong><strong>FECHADA</strong></strong></strong></strong></td>\r\n</tr>\r\n<tr>\r\n<td><b><span><a title=\"\" href=\"https://www.arcos.mg.leg.br/licitacoes-e-contratos/2023/servico-de-confeccao-de-convites\" class=\"internal-link\" target=\"_self\">SERVI\u00c7O DE CONFEC\u00c7\u00c3O DE CONVITES</a></span></b></td>\r\n<td><span><span><span>OBTEN\u00c7\u00c3O DE OR\u00c7AMENTO</span></span></span></td>\r\n<td>18/09/2023<span></span></td>\r\n<td>25/09/2023</td>\r\n<td><strong>FECHADA</strong><strong><strong><strong></strong></strong></strong></td>\r\n</tr>\r\n<tr>\r\n<td><b><span><a title=\"\" href=\"https://www.arcos.mg.leg.br/licitacoes-e-contratos/2023/servico-de-confeccao-de-convites-1\" class=\"internal-link\" target=\"_self\">SERVI\u00c7O DE CONFEC\u00c7\u00c3O DE CONVITES</a></span></b></td>\r\n<td><span><span>OBTEN\u00c7\u00c3O DE OR\u00c7AMENTO</span><span></span></span></td>\r\n<td>06/09/20223<span></span></td>\r\n<td>14/09/2023</td>\r\n<td><strong>FECHADA</strong><strong><strong><strong></strong></strong></strong></td>\r\n</tr>\r\n<tr>\r\n<td><b><a title=\"\" href=\"https://www.arcos.mg.leg.br/licitacoes-e-contratos/2023/aquisicao-de-licencas\" class=\"internal-link\" target=\"_self\">AQUISI\u00c7\u00c3O DE LICEN\u00c7AS DE SOFTWARES</a></b></td>\r\n<td><span>PREG\u00c3O PRESENCIAL</span></td>\r\n<td><span>01/09/2023</span></td>\r\n<td>31/10/2023</td>\r\n<td><strong>FECHADA</strong><strong><strong><strong></strong></strong></strong></td>\r\n</tr>\r\n<tr>\r\n<td><b><span><a title=\"\" href=\"https://www.arcos.mg.leg.br/licitacoes-e-contratos/2023/servico-de-confeccao-de-placas-de-homenagem-1\" class=\"internal-link\" target=\"_self\">SERVI\u00c7O DE CONFEC\u00c7\u00c3O DE PLACAS DE HOMENAGEM</a></span></b></td>\r\n<td><span>OBTEN\u00c7\u00c3O DE OR\u00c7AMENTO</span></td>\r\n<td>31/08/2023<span></span></td>\r\n<td>08/09/2023</td>\r\n<td><strong>FECHADA</strong><strong><strong><strong></strong></strong></strong></td>\r\n</tr>\r\n<tr>\r\n<td><b><span><a title=\"\" href=\"https://www.arcos.mg.leg.br/licitacoes-e-contratos/2023/servico-de-fotografia-profissional-para-evento-honra-ao-merito\" class=\"internal-link\" target=\"_self\">SERVI\u00c7O DE FOTOGRAFIA PROFISSIONAL PARA EVENTO HONRA AO M\u00c9RITO</a></span></b></td>\r\n<td><span>OBTEN\u00c7\u00c3O DE OR\u00c7AMENTO</span><span><span></span></span></td>\r\n<td>31/08/2023<span></span></td>\r\n<td>08/09/2023</td>\r\n<td><strong>FECHADA</strong><strong><strong><strong></strong></strong></strong></td>\r\n</tr>\r\n<tr>\r\n<td><b><a title=\"\" href=\"https://www.arcos.mg.leg.br/licitacoes-e-contratos/2023/servico-de-buffet-evento-honra-ao-merito\" class=\"internal-link\" target=\"_self\">S<span>ERVI\u00c7O DE BUFFET EVENTO HONRA AO M\u00c9RITO</span></a></b></td>\r\n<td><span><span>OBTEN\u00c7\u00c3O DE OR\u00c7AMENTO</span><span></span></span></td>\r\n<td>31/08/2023<span></span></td>\r\n<td>08/09/2023</td>\r\n<td><strong>FECHADA</strong><strong><strong><strong></strong></strong></strong></td>\r\n</tr>\r\n<tr>\r\n<td><b><b><a title=\"\" href=\"https://www.arcos.mg.leg.br/licitacoes-e-contratos/2023/contratacao-de-empresa-especializada-para-os-servicos-de-aluguel-de-van\" class=\"internal-link\" target=\"_self\">CONTRATA\u00c7\u00c3O DE EMPRESA ESPECIALIZADA PARA OS SERVI\u00c7OS DE ALUGUEL DE VAN</a></b><a title=\"\" href=\"https://www.arcos.mg.leg.br/licitacoes-e-contratos/2023/servico-de-buffet-evento-honra-ao-merito\" class=\"internal-link\" target=\"_self\"></a></b></td>\r\n<td><span>DISPENSA</span><span><span></span></span></td>\r\n<td>30/08/2023</td>\r\n<td>-</td>\r\n<td><strong>FECHADA</strong></td>\r\n</tr>\r\n<tr>\r\n<td><b><b><b><a title=\"\" href=\"https://www.arcos.mg.leg.br/licitacoes-e-contratos/2023/aquisicao-de-licencas-de-software\" class=\"internal-link\" target=\"_self\">AQUISI\u00c7\u00c3O DE LICEN\u00c7AS DE SOFTWARES</a></b></b></b></td>\r\n<td><span>OBTEN\u00c7\u00c3O DE OR\u00c7AMENTO</span></td>\r\n<td><span>17/08/2023</span><span></span></td>\r\n<td><span>23/08/2023</span></td>\r\n<td><strong>FECHADA</strong><strong><strong><strong></strong></strong></strong></td>\r\n</tr>\r\n<tr>\r\n<td><strong><a title=\"\" href=\"https://www.arcos.mg.leg.br/licitacoes-e-contratos/2023/contratacao-de-empresa-para-capacitacao-de-servidor-da-camara-municipal-de-arcos-1\" class=\"internal-link\" target=\"_self\">CONTRATA\u00c7\u00c3O DE EMPRESA PARA CAPACITA\u00c7\u00c3O DE SERVIDOR DA CAMARA MUNICIPAL DE ARCOS</a></strong></td>\r\n<td><span>INEXIBILIDADE</span></td>\r\n<td>16/08/2023</td>\r\n<td>-</td>\r\n<td><strong>FECHADA</strong></td>\r\n</tr>\r\n<tr>\r\n<td><strong><a title=\"\" href=\"https://www.arcos.mg.leg.br/licitacoes-e-contratos/2023/contratacao-de-empresa-para-capacitacao-de-vereador-da-camara-municipal-de-arcos-mg\" class=\"internal-link\" target=\"_self\">CONTRATA\u00c7\u00c3O DE EMPRESA PARA CAPACITA\u00c7\u00c3O DE VEREADOR DA CAMARA MUNICIPAL DE ARCOS/MG</a></strong></td>\r\n<td><span><span>INEXIBILIDADE</span></span></td>\r\n<td>16/08/2023</td>\r\n<td>-</td>\r\n<td><strong><strong>FECHADA</strong></strong></td>\r\n</tr>\r\n<tr>\r\n<td><strong><a title=\"\" href=\"https://www.arcos.mg.leg.br/licitacoes-e-contratos/2023/contratacao-de-empresa-para-capacitacao-de-servidores-da-camara-muncipal-de-arcos\" class=\"internal-link\" target=\"_self\"><span>CONTRATA\u00c7\u00c3O DE EMPRESA PARA CAPACITA\u00c7\u00c3O DE SERVIDORES DA CAMARA MUNICIPAL DE ARCOS/MG</span></a></strong></td>\r\n<td><span><span><span>INEXIBILIDADE</span></span></span></td>\r\n<td>19/07/2023</td>\r\n<td>-</td>\r\n<td><strong><strong><strong>FECHADA</strong></strong></strong></td>\r\n</tr>\r\n<tr>\r\n<td><strong><a title=\"\" href=\"https://www.arcos.mg.leg.br/licitacoes-e-contratos/2023/contratacao-de-empresa-para-capacitacao-de-servidores-da-camara-municipal-de-arcos-mg\" class=\"internal-link\" target=\"_self\">CONTRATA\u00c7\u00c3O DE EMPRESA PARA CAPACITA\u00c7\u00c3O DE SERVIDORES DA CAMARA MUNICIPAL DE ARCOS/MG</a></strong></td>\r\n<td><span><span><span>INEXIBILIDADE</span></span></span></td>\r\n<td>06/07/2023</td>\r\n<td>-</td>\r\n<td><strong><strong><strong>FECHADA</strong></strong></strong></td>\r\n</tr>\r\n<tr>\r\n<td><strong><a title=\"\" href=\"https://www.arcos.mg.leg.br/licitacoes-e-contratos/2023/contratacao-de-servicos-em-razao-do-evento-em-homenagem-ao-dia-dos-pais-realizado-pela-camara\" class=\"internal-link\" target=\"_self\">CONTRATA\u00c7\u00c3O DE SERVI\u00c7OS PARA EVENTO DO DIA DOS PAIS</a></strong></td>\r\n<td><span><span><span><span>PREG\u00c3O PRESENCIAL</span></span></span></span></td>\r\n<td>20/06/2023</td>\r\n<td>04/07/2023</td>\r\n<td><strong><strong><strong><strong>FECHADA</strong></strong></strong></strong></td>\r\n</tr>\r\n<tr>\r\n<td><strong><a title=\"\" href=\"https://www.arcos.mg.leg.br/licitacoes-e-contratos/2023/servico-de-buffet-e-decoracao-para-evento-em-homenagem-ao-dia-dos-pais\" class=\"internal-link\" target=\"_self\">SERVI\u00c7O DE BUFFET E DECORA\u00c7\u00c3O PARA EVENTO EM HOMENAGEM AO DIA DOS PAIS</a></strong></td>\r\n<td><span>OBTEN\u00c7\u00c3O DE OR\u00c7AMENTO</span><span><span><span><span><span></span></span></span></span></span></td>\r\n<td>05/06/2023</td>\r\n<td>-</td>\r\n<td><strong>FECHADA</strong><strong><strong><strong><strong><strong></strong></strong></strong></strong></strong></td>\r\n</tr>\r\n<tr>\r\n<td><strong><a title=\"\" href=\"https://www.arcos.mg.leg.br/licitacoes-e-contratos/2023/contratacao-de-empresa-para-capacitacao-de-servidor-dessa-casa-legislativa-3\" class=\"internal-link\" target=\"_self\">CONTRATA\u00c7\u00c3O DE EMPRESA PARA CAPACITA\u00c7\u00c3O DE SERVIDOR DESSA CASA LEGISLATIVA</a></strong></td>\r\n<td><span><span><span><span><span>INEXIBILIDADE</span></span></span></span></span></td>\r\n<td>05/06/2023</td>\r\n<td>-</td>\r\n<td><strong><strong><strong><strong><strong>FECHADA</strong></strong></strong></strong></strong></td>\r\n</tr>\r\n<tr>\r\n<td><strong><a title=\"\" href=\"https://www.arcos.mg.leg.br/licitacoes-e-contratos/2023/servico-de-confeccao-de-uniformes-personalizados-1\" class=\"internal-link\" target=\"_self\">SERVI\u00c7O DE CONFEC\u00c7\u00c3O DE UNIFORMES PERSONALIZADOS</a></strong></td>\r\n<td><span><span><span><span><span><span>DISPENSA</span></span></span></span></span></span></td>\r\n<td>29/05/2023</td>\r\n<td>-</td>\r\n<td><strong><strong><strong><strong><strong><strong>FECHADA</strong></strong></strong></strong></strong></strong></td>\r\n</tr>\r\n<tr>\r\n<td><strong><a title=\"\" href=\"https://www.arcos.mg.leg.br/licitacoes-e-contratos/2023/contratacao-de-empresa-para-capacitacao-de-vereador-dessa-casa-legislativa\" class=\"internal-link\" target=\"_self\"><span>CONTRATA\u00c7\u00c3O DE EMPRESA PARA CAPACITA\u00c7\u00c3O DE VEREADOR DESSA</span>\u00a0CASA LEGISLATIVA</a></strong></td>\r\n<td><span><span><span><span><span><span><span>INEXIBILIDADE</span></span></span></span></span></span></span></td>\r\n<td>20/04/2023</td>\r\n<td>-</td>\r\n<td><strong><strong><strong><strong><strong><strong><strong>FECHADA</strong></strong></strong></strong></strong></strong></strong></td>\r\n</tr>\r\n<tr>\r\n<td><strong><a title=\"\" href=\"https://www.arcos.mg.leg.br/licitacoes-e-contratos/2023/contratacao-de-empresa-para-capacitacao-de-servidor-da-camara-municipal-de-arcos-2\" class=\"internal-link\" target=\"_self\">CONTRATA\u00c7\u00c3O DE EMPRESA PARA CAPACITA\u00c7\u00c3O DE SERVIDOR DA CAMARA MUNICIPAL DE ARCOS</a></strong></td>\r\n<td><span><span><span><span><span><span><span>INEXIBILIDADE</span></span></span></span></span></span></span></td>\r\n<td>13/04/2023</td>\r\n<td>-</td>\r\n<td><strong><strong><strong><strong><strong><strong><strong>FECHADA</strong></strong></strong></strong></strong></strong></strong></td>\r\n</tr>\r\n<tr>\r\n<td><strong><a title=\"\" href=\"https://www.arcos.mg.leg.br/licitacoes-e-contratos/2023/contratacao-de-empresa-para-capacitacao-de-servidor-da-camara-municipal-de-arcos-3\" class=\"internal-link\" target=\"_self\">CONTRATA\u00c7\u00c3O DE EMPRESA PARA CAPACITA\u00c7\u00c3O DE SERVIDOR DA CAMARA MUNICIPAL DE ARCOS</a></strong></td>\r\n<td><span>INEXIBILIDADE</span></td>\r\n<td>11/04/2023</td>\r\n<td>-</td>\r\n<td><strong>FECHADA</strong></td>\r\n</tr>\r\n<tr>\r\n<td><strong><a title=\"\" href=\"https://www.arcos.mg.leg.br/licitacoes-e-contratos/2023/contratacao-de-empresa-para-capacitacao-de-servidor-da-camara-municipal-de-arcos-4\" class=\"internal-link\" target=\"_self\">CONTRATA\u00c7\u00c3O DE EMPRESA PARA CAPACITA\u00c7\u00c3O DE SERVIDOR DA CAMARA MUNICIPAL DE ARCOS</a></strong></td>\r\n<td><span>INEXIBILIDADE</span></td>\r\n<td>10/04/2023</td>\r\n<td>-</td>\r\n<td><strong>FECHADA</strong></td>\r\n</tr>\r\n<tr>\r\n<td><strong><a title=\"\" href=\"https://www.arcos.mg.leg.br/licitacoes-e-contratos/2023/contratacao-de-empresa-para-capacitacao-de-servidores-da-camara-municipal-de-arcos-1\" class=\"internal-link\" target=\"_self\">CONTRATA\u00c7\u00c3O DE EMPRESA PARA CAPACITA\u00c7\u00c3O DE SERVIDORES DA CAMARA MUNICIPAL DE ARCOS</a></strong></td>\r\n<td><span>INEXIBILIDADE</span></td>\r\n<td>10/04/2023</td>\r\n<td>-</td>\r\n<td><strong>FECHADA</strong></td>\r\n</tr>\r\n<tr>\r\n<td><strong><a title=\"\" href=\"https://www.arcos.mg.leg.br/licitacoes-e-contratos/2023/servicos-de-consultoria-em-seguranca-do-trabalho\" class=\"internal-link\" target=\"_self\">SERVI\u00c7OS DE CONSULTORIA EM SEGURAN\u00c7A DO TRABALHO</a></strong></td>\r\n<td><span>DISPENSA</span></td>\r\n<td>29/03/2023</td>\r\n<td>-</td>\r\n<td><strong>FECHADA</strong></td>\r\n</tr>\r\n<tr>\r\n<td><strong><a title=\"\" href=\"https://www.arcos.mg.leg.br/licitacoes-e-contratos/2023/aquisicao-de-equipamento-de-mesa-de-som\" class=\"internal-link\" target=\"_self\">AQUISI\u00c7\u00c3O DE EQUIPAMENTO DE MESA DE SOM</a></strong></td>\r\n<td><span>DISPENSA</span></td>\r\n<td>27/03/2023</td>\r\n<td>-</td>\r\n<td><strong><strong>FECHADA</strong></strong></td>\r\n</tr>\r\n<tr>\r\n<td><strong><a title=\"\" href=\"https://www.arcos.mg.leg.br/licitacoes-e-contratos/2023/servicos-de-buffet-para-evento-do-dia-das-maes-da-camara-municipal-de-arcos\" class=\"internal-link\" target=\"_self\">SERVI\u00c7OS DE BUFFET PARA EVENTO DO DIA DAS M\u00c3ES DA CAMARA MUNICIPAL DE ARCOS</a></strong></td>\r\n<td><span>DISPENSA</span></td>\r\n<td>24/03/2023</td>\r\n<td>-</td>\r\n<td><strong>FECHADA</strong></td>\r\n</tr>\r\n<tr>\r\n<td><strong><a title=\"\" href=\"https://www.arcos.mg.leg.br/licitacoes-e-contratos/2023/servicos-de-fotografia-para-evento-em-homagem-ao-dia-das-maes-da-camara-municipal-de-arcos\" class=\"internal-link\" target=\"_self\">SERVI\u00c7OS DE FOTOGRAFIA PARA EVENTO EM HOMAGEM AO DIA DAS M\u00c3ES DA CAMARA MUNICIPAL DE ARCOS</a></strong></td>\r\n<td><span>DISPENSA</span></td>\r\n<td>24/03/2023</td>\r\n<td>-</td>\r\n<td><strong>FECHADA</strong><strong></strong></td>\r\n</tr>\r\n<tr>\r\n<td><strong><a title=\"\" href=\"https://www.arcos.mg.leg.br/licitacoes-e-contratos/2023/aquisicao-de-placas-de-inox-para-homenagem-ao-dia-das-maes-da-camara-municipal-de-arcos\" class=\"internal-link\" target=\"_self\">AQUISI\u00c7\u00c3O DE PLACAS DE INOX PARA HOMENAGEM AO DIA DAS M\u00c3ES DA CAMARA MUNICIPAL DE ARCOS</a></strong></td>\r\n<td><span><span>DISPENSA</span></span></td>\r\n<td>24/03/2023</td>\r\n<td>-</td>\r\n<td><strong>FECHADA</strong></td>\r\n</tr>\r\n<tr>\r\n<td><strong><a title=\"\" href=\"https://www.arcos.mg.leg.br/licitacoes-e-contratos/2023/contratacao-de-empresa-para-capacitacao-de-vereador-dessa-casa-legislativa-22-03\" class=\"internal-link\" target=\"_self\">CONTRATA\u00c7\u00c3O DE EMPRESA PARA CAPACITA\u00c7\u00c3O DE VEREADOR DESSA CASA LEGISLATIVA</a></strong></td>\r\n<td><span><span>INEXIBILIDADE</span></span></td>\r\n<td>22/03/2023</td>\r\n<td>-</td>\r\n<td><strong>FECHADA</strong></td>\r\n</tr>\r\n<tr>\r\n<td><strong>CONTRATA\u00c7\u00c3O DE EMPRESA PARA CAPACITA\u00c7\u00c3O DE SERVIDORES DA C\u00c2MARA MUNICIPAL DE ARCOS</strong></td>\r\n<td><span>INEXIBILIDADE</span><span></span></td>\r\n<td>16/03/2023</td>\r\n<td>-</td>\r\n<td><strong>FECHADA</strong></td>\r\n</tr>\r\n<tr>\r\n<td><strong>CONTRATA\u00c7\u00c3O DE EMPRESA PARA CAPACITA\u00c7\u00c3O DOS SERVIDORES PARA IMPLANTA\u00c7\u00c3O DA NOVA LEI DE LICITA\u00c7\u00d5ES</strong></td>\r\n<td><span>INEXIBILIDADE</span></td>\r\n<td>13/03/2023</td>\r\n<td>-</td>\r\n<td><strong>FECHADA</strong></td>\r\n</tr>\r\n<tr>\r\n<td><strong>CONTRATA\u00c7\u00c3O DE EMPRESA PARA CAPACITA\u00c7\u00c3O DE SERVIDORES DA CAMARA MUNICIPAL DE ARCOS</strong></td>\r\n<td><span>INEXIBILIDADE</span></td>\r\n<td>13/03/2023</td>\r\n<td>-</td>\r\n<td><strong>FECHADA</strong></td>\r\n</tr>\r\n<tr>\r\n<td><b>AQUISI\u00c7\u00c3O DE SUPRIMENTOS DE SUPERMERCADO PARA C\u00c2MARA MUNICIPAL DE ARCOS/MG</b></td>\r\n<td><span>DISPENSA</span></td>\r\n<td>10/02/2023</td>\r\n<td>-</td>\r\n<td><strong>FECHADA</strong></td>\r\n</tr>\r\n<tr>\r\n<td><strong>SERVI\u00c7O DE ASSIST\u00caNCIA T\u00c9CNICA DE EQUIPAMENTOS DE TRANSMISS\u00c3O E STREAMING DA C\u00c2MARA MUNICIPAL DE ARCOS</strong></td>\r\n<td><span>DISPENSA</span></td>\r\n<td>10/02/2023</td>\r\n<td>-</td>\r\n<td><strong>FECHADA</strong></td>\r\n</tr>\r\n<tr>\r\n<td><strong>SERVI\u00c7O DE TRADU\u00c7\u00c3O E INTERPRETA\u00c7\u00c3O DE LIBRAS</strong></td>\r\n<td><span>DISPENSA</span></td>\r\n<td>10/02/2023</td>\r\n<td>-</td>\r\n<td><strong>FECHADA</strong></td>\r\n</tr>\r\n<tr>\r\n<td><strong>SERVI\u00c7O DE MANUTEN\u00c7\u00c3O E LIMPEZA DOS CONDICIONADORES DE AR DA CAMARA MUNICIPAL</strong></td>\r\n<td><span>DISPENSA</span></td>\r\n<td>09/02/2023</td>\r\n<td>-</td>\r\n<td><strong>FECHADA</strong></td>\r\n</tr>\r\n<tr>\r\n<td><strong>SERVI\u00c7O DE TRANSMISS\u00c3O DAS REUNI\u00d5ES DA C\u00c2MARA MUNICIPAL DE ARCOS VIA RADIOFUS\u00c3O</strong></td>\r\n<td>PREG\u00c3O PRESENCIAL</td>\r\n<td>09/02/20233</td>\r\n<td>09/03/2023</td>\r\n<td><strong>FECHADA</strong></td>\r\n</tr>\r\n<tr>\r\n<td><strong><strong>SERVI\u00c7O DE TRANSMISS\u00c3O DAS REUNI\u00d5ES E EVENTOS DA C\u00c2MARA MUNICIPAL DE ARCOS VIA INTERNET</strong>\u00a0</strong></td>\r\n<td><span>PREG\u00c3O PRESENCIAL</span></td>\r\n<td>09/02/2023</td>\r\n<td>27/02/2023</td>\r\n<td><strong>FECHADA</strong></td>\r\n</tr>\r\n<tr>\r\n<td><strong>AQUISI\u00c7\u00c3O DE COMBUST\u00cdVEL PARA O CARRO OFICIAL DA C\u00c2MARA MUNICIPAL DE ARCOS</strong></td>\r\n<td><span>PREG\u00c3O PRESENCIAL</span></td>\r\n<td>08/02/2023</td>\r\n<td>23/02/2023</td>\r\n<td><strong>FECHADA</strong></td>\r\n</tr>\r\n<tr>\r\n<td><strong>AQUISI\u00c7\u00c3O DE CONVITES PARA O EVENTO DO DIA INTERNACIONAL DAS MULHERES NA C\u00c2MARA MUNICIPAL DE ARCOS</strong></td>\r\n<td><span>DISPENSA</span></td>\r\n<td>07/02/2023</td>\r\n<td></td>\r\n<td><strong>FECHADA</strong></td>\r\n</tr>\r\n</tbody>\r\n</table>", "author_name": "", "version": "1.0", "author_url": "https://www.arcos.mg.leg.br/author/patriciaproenca", "provider_name": "C\u00e2mara Municipal de Arcos", "type": "rich"}