{"provider_url": "https://www.arcos.mg.leg.br", "title": "Perguntas Frequentes", "html": "<table class=\"tablecamara\">\r\n<tbody>\r\n<tr><th></th></tr>\r\n<tr><th>\r\n<h4><strong>O que \u00e9 Poder Legislativo?</strong></h4>\r\n<p>O Poder Legislativo \u00e9 um dos tr\u00eas poderes existentes no Brasil, independente e harm\u00f4nico com os demais, e atua em tr\u00eas n\u00edveis: federal, estadual e municipal. \u00c9 respons\u00e1vel por produzir as leis que ir\u00e3o orientar a sociedade, com o objetivo de regular a vida em comum. Al\u00e9m disso, cabe ao Poder Legislativo fiscalizar, representar o povo brasileiro, e sediar os debates de interesse p\u00fablico. \u00a0</p>\r\n<p>A n\u00edvel municipal, o Poder Legislativo \u00e9 de compet\u00eancia da C\u00e2mara. Al\u00e9m da fun\u00e7\u00e3o legislativa, que consiste em propor, avaliar e votar as propostas de lei de interesse do munic\u00edpio, os vereadores t\u00eam a obriga\u00e7\u00e3o de fiscalizar e controlar os atos do Poder Executivo, especialmente a gest\u00e3o do dinheiro p\u00fablico, a qualidade dos servi\u00e7os ofertados \u00e0 popula\u00e7\u00e3o e o julgamento das contas apresentadas pelo prefeito, ap\u00f3s an\u00e1lise pr\u00e9via do TCE-MG - Tribunal de Contas do Estado de Minas Gerais.</p>\r\n<p>Os representantes do Legislativo s\u00e3o os vereadores, escolhidos atrav\u00e9s das elei\u00e7\u00f5es.</p>\r\n</th></tr>\r\n<tr><th>\r\n<h4><strong>O que \u00e9 a C\u00e2mara Municipal?</strong></h4>\r\n<p>A C\u00e2mara Municipal \u00e9 o \u00f3rg\u00e3o legislativo em n\u00edvel municipal, respons\u00e1vel pela elabora\u00e7\u00e3o, discuss\u00e3o e aprova\u00e7\u00e3o das leis que regem o munic\u00edpio. Tamb\u00e9m \u00e9 atribui\u00e7\u00e3o da institui\u00e7\u00e3o a fiscaliza\u00e7\u00e3o dos atos, receitas e despesas do Poder Executivo, atrav\u00e9s do trabalho dos vereadores.</p>\r\n</th></tr>\r\n<tr><th>\r\n<h4><strong>Como \u00e9 composta a C\u00e2mara Municipal de Arcos?</strong></h4>\r\n<p>A C\u00e2mara \u00e9 composta atualmente por nove vereadores, eleitos a cada quatro anos atrav\u00e9s de voto direto, por meio do sistema proporcional.</p>\r\n</th></tr>\r\n<tr><th>\r\n<h4><strong>Quem administra a C\u00e2mara Municipal?</strong></h4>\r\n<p>A C\u00e2mara Municipal \u00e9 administrada pela Mesa Diretora, composta pelo Presidente, Vice-Presidente, Primeiro-Secret\u00e1rio e Segundo-Secret\u00e1rio. O mandato da Mesa Diretora na C\u00e2mara Municipal de Arcos tem a dura\u00e7\u00e3o de um ano.</p>\r\n</th></tr>\r\n<tr><th>\r\n<h4><strong>Como se escolhe um vereador?</strong></h4>\r\n<p>Todos os vereadores s\u00e3o eleitos pelo voto direto dos cidad\u00e3os maiores de 16 anos, em pleito regular, e exercem seus mandatos por um per\u00edodo de quatro anos, com a possibilidade de reelei\u00e7\u00e3o.</p>\r\n</th></tr>\r\n<tr><th>\r\n<h4><strong>Quais s\u00e3o as fun\u00e7\u00f5es das vereadoras e vereadores?</strong></h4>\r\n<p>Os vereadores trabalham com temas relacionados aos interesses das comunidades que formam o munic\u00edpio. Eles devem ser o elo direto entre a popula\u00e7\u00e3o e o poder p\u00fablico, colocando em pauta os anseios e as necessidades dos cidad\u00e3os. Como representantes do povo, desempenham um papel importante na elabora\u00e7\u00e3o de leis, na formula\u00e7\u00e3o das pol\u00edticas locais e na fiscaliza\u00e7\u00e3o da aplica\u00e7\u00e3o dos recursos p\u00fablicos.</p>\r\n<p>\u00c9 atribui\u00e7\u00e3o dos vereadores:</p>\r\n<p>- representar os cidad\u00e3os, debatendo assuntos relevantes com e para a popula\u00e7\u00e3o, defendendo os interesses da sociedade e viabilizando audi\u00eancias p\u00fablicas e projetos de lei de iniciativa popular;</p>\r\n<p>- elaborar, analisar e votar os projetos de lei;</p>\r\n<p>- fiscalizar o Poder Executivo, avaliando pol\u00edticas p\u00fablicas, solicitando informa\u00e7\u00f5es, acompanhando e julgando os gastos.</p>\r\n</th></tr>\r\n<tr><th>\r\n<h4><strong>Ent\u00e3o o vereador n\u00e3o administra? N\u00e3o executa obras e servi\u00e7os?</strong></h4>\r\n<p>Em regra, <strong>n\u00e3o</strong>. Os vereadores s\u00f3 administram os servi\u00e7os da pr\u00f3pria C\u00e2mara e o quadro de funcion\u00e1rios da institui\u00e7\u00e3o.</p>\r\n<p>Vereador n\u00e3o asfalta ruas ou contrata professores, por exemplo. Essa atribui\u00e7\u00e3o \u00e9 de compet\u00eancia exclusiva do Poder Executivo. O que ele pode fazer \u00e9 sugerir tais medidas \u00e0 prefeitura, por meio de indica\u00e7\u00f5es, requerimentos e of\u00edcios, e fiscalizar a aplica\u00e7\u00e3o dos servi\u00e7os e recursos p\u00fablicos.</p>\r\n</th></tr>\r\n<tr><th>\r\n<h4><strong>Se o vereador n\u00e3o administra, como ele influencia a administra\u00e7\u00e3o do munic\u00edpio?</strong></h4>\r\n<p>Os vereadores funcionam como uma ponte entre os cidad\u00e3os e o prefeito, acompanhando os servi\u00e7os e gastos municipais e sugerindo melhorias nas pol\u00edticas p\u00fablicas do Poder Executivo, atrav\u00e9s de requerimentos, indica\u00e7\u00f5es e of\u00edcios. S\u00e3o eles que fiscalizam a gest\u00e3o municipal, o uso dos bens do munic\u00edpio, os gastos p\u00fablicos e a estrutura\u00e7\u00e3o de secretarias, autarquias e funda\u00e7\u00f5es sob responsabilidade da prefeitura. Tamb\u00e9m \u00e9 atribui\u00e7\u00e3o da C\u00e2mara julgar o prefeito em caso de crime de responsabilidade e votar as leis que que orientam o dia a dia do munic\u00edpio. \u00a0\u00a0</p>\r\n</th></tr>\r\n<tr><th>\r\n<h4><strong>Vereador pode conceder ajuda de custo ao cidad\u00e3o, como pagar contas de luz, \u00e1gua, rem\u00e9dios e g\u00e1s, por exemplo?\u00a0</strong></h4>\r\n<p><strong>N\u00e3o.</strong> N\u00e3o \u00e9 fun\u00e7\u00e3o do vereador promover este tipo de ajuda. Essa atribui\u00e7\u00e3o \u00e9 de responsabilidade da Assist\u00eancia Social do munic\u00edpio, que ir\u00e1 avaliar a legalidade e a pertin\u00eancia do pedido e definir o que pode ou n\u00e3o ser feito em cada caso.<span> </span></p>\r\n</th></tr>\r\n<tr><th>\r\n<h4><strong>O que \u00e9 uma legislatura?</strong></h4>\r\n<p>Os trabalhos da C\u00e2mara Municipal de Arcos s\u00e3o organizados em legislaturas. Uma legislatura tem a dura\u00e7\u00e3o de quatro anos, per\u00edodo que coincide com a dura\u00e7\u00e3o do mandato dos vereadores. Ele se inicia na posse dos parlamentares, no dia 1\u00ba de janeiro do ano seguinte \u00e0 elei\u00e7\u00e3o municipal, e se encerra no dia 31 de dezembro do quarto ano do mandato.</p>\r\n<p>Os vereadores podem se reeleger e participar de v\u00e1rias Legislaturas.</p>\r\n</th></tr>\r\n<tr><th>\r\n<h4><strong>O que \u00e9 o Plen\u00e1rio?</strong></h4>\r\n<p>\u00c9 o \u00f3rg\u00e3o m\u00e1ximo de delibera\u00e7\u00e3o da C\u00e2mara, composto por todos os vereadores. Refere-se tamb\u00e9m ao local onde s\u00e3o realizadas as reuni\u00f5es.</p>\r\n</th></tr>\r\n<tr><th>\r\n<h4><strong>O que \u00e9 Processo Legislativo?</strong></h4>\r\n<p>\u00c9 a sequ\u00eancia de atos realizados pelos \u00f3rg\u00e3os do Poder Legislativo, de acordo com regras previamente fixadas, para elaborar as normas jur\u00eddicas: emendas \u00e0 Lei Org\u00e2nica, leis complementares, leis ordin\u00e1rias e outros tipos normativos.</p>\r\n</th></tr>\r\n<tr><th>\r\n<h4><strong>O que s\u00e3o proposi\u00e7\u00f5es?</strong></h4>\r\n<p>Proposi\u00e7\u00e3o \u00e9 toda mat\u00e9ria sujeita \u00e0 delibera\u00e7\u00e3o da C\u00e2mara. Apesar dessa ampla defini\u00e7\u00e3o, os principais tipos de proposi\u00e7\u00e3o s\u00e3o: Propostas de Emenda \u00e0 Lei Org\u00e2nica Municipal, Projetos de Lei Complementar, Projetos de Lei Ordin\u00e1ria, Projetos de Decreto Legislativo, Projetos de Resolu\u00e7\u00e3o, Requerimentos, Emendas, Indica\u00e7\u00f5es.</p>\r\n</th></tr>\r\n<tr><th>\r\n<h4><strong>Um vereador pode propor qualquer tipo de lei?</strong></h4>\r\n<p><strong>N\u00e3o.</strong> Existem compet\u00eancias que s\u00e3o exclusivas ao Poder Executivo e est\u00e3o expressas na Lei Org\u00e2nica do Munic\u00edpio \u2013 Lei Municipal N\u00ba 1.256, de 1990, que pode ser acessada pelo endere\u00e7o<span> </span><a href=\"https://www.arcos.mg.leg.br/leis/lei-organica-municipal\">https://www.arcos.mg.leg.br/leis/lei-organica-municipal</a><span> .</span></p>\r\n</th></tr>\r\n<tr><th>\r\n<h4><strong>Como uma proposi\u00e7\u00e3o pode se tornar lei?</strong></h4>\r\n<p><span>As proposi\u00e7\u00f5es apresentadas na C\u00e2mara Municipal est\u00e3o sujeitas \u00e0 delibera\u00e7\u00e3o: discuss\u00e3o e vota\u00e7\u00e3o. Ap\u00f3s passar pelo processo legislativo, o projeto pode ser arquivado caso seja rejeitado em Plen\u00e1rio. Caso seja aprovado, o projeto precisa ser sancionado pelo prefeito - ou promulgado pelo presidente da C\u00e2mara - e publicado no Di\u00e1rio Oficial para ent\u00e3o virar uma lei.</span></p>\r\n</th></tr>\r\n<tr><th>\r\n<h4><strong>Onde encontro as leis municipais?</strong></h4>\r\n<p><span>As leis municipais de Arcos podem ser encontradas no SAPL \u2013 Sistema de Apoio ao Processo Legislativo, atrav\u00e9s do site: </span><a class=\"external-link\" href=\"https://sapl.arcos.mg.leg.br/\" target=\"_blank\" title=\"\"><strong>https://sapl.arcos.mg.leg.br</strong>/</a><span> e no Portal de Leis Municipais, atrav\u00e9s do endere\u00e7o </span><strong><a class=\"external-link\" href=\"https://leismunicipais.com.br/prefeitura/mg/arcos\" target=\"_blank\" title=\"\">https://leismunicipais.com.br/prefeitura/mg/arcos</a></strong><span> .</span></p>\r\n</th></tr>\r\n<tr><th>\r\n<h4><strong>O que s\u00e3o Indica\u00e7\u00f5es, Mo\u00e7\u00f5es e Requerimentos?</strong></h4>\r\n<p>Quando as sugest\u00f5es de medidas de interesse p\u00fablico n\u00e3o podem ser formalizadas atrav\u00e9s de projetos de lei, os vereadores elaboram <strong>Indica\u00e7\u00f5es</strong>, que s\u00e3o endere\u00e7adas aos \u00f3rg\u00e3os competentes.</p>\r\n<p>As <strong>Mo\u00e7\u00f5es</strong> geralmente expressam o posicionamento de um parlamentar ou de todo o Legislativo, podendo ser honrosas ou de rep\u00fadio, por exemplo.</p>\r\n<p>J\u00e1 os <strong>Requerimentos</strong> s\u00e3o pedidos de solicita\u00e7\u00e3o de informa\u00e7\u00f5es, recomenda\u00e7\u00f5es para a realiza\u00e7\u00e3o de obras ou servi\u00e7os, convoca\u00e7\u00f5es de autoridades municipais, dentre outros. \u00a0Os requerimentos precisam ser aprovados em plen\u00e1rio para serem enviados \u00e0s secretarias e aos \u00f3rg\u00e3os a que se destinam.</p>\r\n</th></tr>\r\n<tr><th>\r\n<h4><strong>O que \u00e9 a Lei Org\u00e2nica do Munic\u00edpio?</strong></h4>\r\n<p><span>\u00c9 considerada a \u201cConstitui\u00e7\u00e3o\u201d do munic\u00edpio. Determina como ele ser\u00e1 governado, quais s\u00e3o os poderes e responsabilidades dos seus \u00f3rg\u00e3os e agentes p\u00fablicos e como ser\u00e3o tomadas as decis\u00f5es importantes. Aborda assuntos como a estrutura da administra\u00e7\u00e3o p\u00fablica, a organiza\u00e7\u00e3o dos poderes Executivo e Legislativo, as compet\u00eancias do munic\u00edpio, as elei\u00e7\u00f5es municipais, os direitos e garantias das cidad\u00e3s e dos cidad\u00e3os, promove a transpar\u00eancia e toda a regulamenta\u00e7\u00e3o or\u00e7ament\u00e1ria na administra\u00e7\u00e3o p\u00fablica em esfera municipal, em conson\u00e2ncia com as Constitui\u00e7\u00f5es Federal e Estadual.\u00a0</span></p>\r\n<p><span>\u00a0Em Arcos, a Lei Org\u00e2nica do Munic\u00edpio \u00e9 a <strong>Lei Municipal N\u00ba 1.256, de 1990</strong>, que pode ser acessada pelo endere\u00e7o</span><span>\u00a0</span><a title=\"\" href=\"https://www.arcos.mg.leg.br/leis/lei-organica-municipal\" class=\"internal-link\" target=\"_blank\">https://www.arcos.mg.leg.br/leis/lei-organica-municipal</a><span>\u00a0.</span></p>\r\n</th></tr>\r\n<tr><th>\r\n<h4><strong>O que \u00e9 Regimento Interno?</strong></h4>\r\n<p><span>\u00c9 o conjunto de normas que rege os trabalhos legislativos da C\u00e2mara Municipal.<br /></span></p>\r\n<p><span>O Regimento Interno da C\u00e2mara Municipal de Arcos pode ser acessado pelo link:\u00a0<a title=\"\" href=\"https://www.arcos.mg.leg.br/institucional/regimento-interno-1\" class=\"internal-link\" target=\"_blank\">https://www.arcos.mg.leg.br/institucional/regimento-interno-1</a>\u00a0</span></p>\r\n</th></tr>\r\n<tr><th>\r\n<h4><strong>O que \u00e9 a Mesa Diretora?</strong></h4>\r\n<p><span>A Mesa Diretora coordena o processo legislativo e administra a C\u00e2mara. Ela \u00e9 formada por Presidente, Vice-presidente, Primeiro-Secret\u00e1rio e Segundo-Secret\u00e1rio.</span></p>\r\n<p>A escolha de seus integrantes \u00e9 feita atrav\u00e9s de vota\u00e7\u00e3o entre os vereadores, na \u00faltima reuni\u00e3o ordin\u00e1ria da sess\u00e3o legislativa. A \u00fanica exce\u00e7\u00e3o \u00e9 a reuni\u00e3o de instala\u00e7\u00e3o da legislatura, no dia 1\u00aa de janeiro subsequente \u00e0 elei\u00e7\u00e3o municipal. O mandato da Mesa Diretora na C\u00e2mara Municipal de Arcos tem a dura\u00e7\u00e3o de um ano.</p>\r\n</th></tr>\r\n<tr><th></th></tr>\r\n<tr><th>\r\n<h4><strong>O que s\u00e3o as comiss\u00f5es da C\u00e2mara?</strong></h4>\r\n<p><span>S\u00e3o \u00f3rg\u00e3os de car\u00e1ter t\u00e9cnico-legislativo compostos por vereadores, observado o princ\u00edpio de representa\u00e7\u00e3o proporcional das bancadas. Podem ser permanentes ou tempor\u00e1rias e se dividem por \u00e1rea de atua\u00e7\u00e3o ou campo tem\u00e1tico. \u00c9 no \u00e2mbito das comiss\u00f5es que os vereadores conseguem examinar minuciosamente os projetos que tramitam na C\u00e2mara e desenvolvem an\u00e1lises e estudos que resultam em pareceres, com a eventual proposi\u00e7\u00e3o de emendas aditivas, modificativas, substitutivas ou supressivas.</span></p>\r\n<p>Em Arcos, s\u00e3o seis as comiss\u00f5es permanentes, formadas cada uma por tr\u00eas vereadores nomeados pelo presidente, a partir das indica\u00e7\u00f5es dos l\u00edderes das bancadas:</p>\r\n<p><strong>- Legisla\u00e7\u00e3o, Justi\u00e7a e Reda\u00e7\u00e3o Final;</strong></p>\r\n<p><strong>- Finan\u00e7as, Or\u00e7amento e Tomada de Contas;</strong></p>\r\n<p><strong>- Sa\u00fade e Assist\u00eancia Social;</strong></p>\r\n<p><strong>- Educa\u00e7\u00e3o, Cultura, Esportes e Direitos Humanos;</strong></p>\r\n<p><strong>- Servi\u00e7os P\u00fablicos e Seguran\u00e7a P\u00fablica Municipal;</strong></p>\r\n<p><strong>- Transportes, \u00c1rea Rural, Meio Ambiente, Com\u00e9rcio e Ind\u00fastria.</strong></p>\r\n<p>Tamb\u00e9m h\u00e1 a possibilidade de instaura\u00e7\u00e3o de comiss\u00f5es tempor\u00e1rias para apreciar assuntos espec\u00edficos ou apurar den\u00fancias. Elas podem ser encerradas quando alcan\u00e7arem a sua finalidade, quando o prazo de dura\u00e7\u00e3o firmado expirar ou ao t\u00e9rmino da legislatura.</p>\r\n</th></tr>\r\n<tr><th>\r\n<h4><strong>Quais os tipos de Sess\u00f5es existentes na C\u00e2mara Municipal?</strong></h4>\r\n<p><strong>Ordin\u00e1rias:</strong>\u00a0destinadas \u00e0s delibera\u00e7\u00f5es e aos trabalhos regulares, como a entrada de projetos de lei, o uso da Tribuna Livre e a discuss\u00e3o e vota\u00e7\u00e3o de mat\u00e9rias e projetos em pauta, dentre outros. Em Arcos, as reuni\u00f5es ordin\u00e1rias s\u00e3o realizadas nas quatro primeiras segundas-feiras de cada m\u00eas, \u00e0s 18 horas, com exce\u00e7\u00e3o dos recessos legislativos.\u00a0 \u00a0</p>\r\n<p><strong>Extraordin\u00e1rias:</strong>\u00a0destinadas exclusivamente \u00e0 delibera\u00e7\u00e3o das mat\u00e9rias especificadas em sua convoca\u00e7\u00e3o, em dia ou hor\u00e1rio diferente das reuni\u00f5es ordin\u00e1rias.\u00a0 \u00c9 necess\u00e1ria a presen\u00e7a da maioria dos vereadores para que elas sejam realizadas, inclusive durante o recesso parlamentar.</p>\r\n<p><strong>Especiais:</strong> destinadas \u00e0s comemora\u00e7\u00f5es, homenagens, ou para a exposi\u00e7\u00e3o de assuntos de relevante interesse p\u00fablico.</p>\r\n<p><strong>Solenes:</strong>\u00a0destinadas \u00e0 instala\u00e7\u00e3o e encerramento de Sess\u00e3o Legislativa e \u00e0 posse do Prefeito e do Vice-Prefeito.</p>\r\n</th></tr>\r\n<tr><th>\r\n<h4><strong>Quem pode assistir as reuni\u00f5es da C\u00e2mara?</strong></h4>\r\n<p><span>Todas as reuni\u00f5es da C\u00e2mara s\u00e3o abertas ao p\u00fablico, com transmiss\u00e3o ao vivo pelo canal da institui\u00e7\u00e3o no Youtube: </span><strong><a class=\"external-link\" href=\"https://www.youtube.com/c/C%C3%A2maraMunicipaldeArcos/streams\" target=\"_blank\" title=\"\">https://www.youtube.com/c/C%C3%A2maraMunicipaldeArcos/streams</a></strong><span>. As reuni\u00f5es ordin\u00e1rias s\u00e3o realizadas nas quatro primeiras segundas-feiras de cada m\u00eas, \u00e0s 18horas, exceto nos feriados.</span></p>\r\n</th></tr>\r\n<tr><th>\r\n<h4><strong>Como utilizar a Tribuna Livre?</strong></h4>\r\n<p><span>A Tribuna Livre \u00e9 realizada apenas na primeira reuni\u00e3o ordin\u00e1ria de cada m\u00eas, com exce\u00e7\u00e3o dos pronunciamentos de autoridades municipais e convidados. Qualquer pessoa pode utiliz\u00e1-la desde que se inscreva previamente na Secretaria da C\u00e2mara e especifique o assunto a ser tratado com uma anteced\u00eancia m\u00ednima de 72 horas. O prazo m\u00e1ximo de manifesta\u00e7\u00e3o \u00e9 de 15 minutos e est\u00e3o vedadas as exposi\u00e7\u00f5es sobre quest\u00f5es pessoais, particulares, pol\u00edtico-partid\u00e1rias ou que fujam do assunto indicado na inscri\u00e7\u00e3o.</span></p>\r\n</th></tr>\r\n<tr><th>\r\n<h4><strong>Por que a C\u00e2mara Municipal tem site e redes sociais?</strong></h4>\r\n<p>Pelo site, a C\u00e2mara Municipal consegue dar maior transpar\u00eancia \u00e0 popula\u00e7\u00e3o: prestando contas de suas arrecada\u00e7\u00f5es e despesas, divulgando not\u00edcias das atividades parlamentares, informando a respeito de processos de compra e licita\u00e7\u00e3o, com a publica\u00e7\u00e3o de pautas de reuni\u00f5es, atas, portarias, dentre outras, seguindo os princ\u00edpios da publicidade dos atos. Atrav\u00e9s de redes sociais como <a class=\"external-link\" href=\"https://www.facebook.com/camaraarcos\" target=\"_blank\" title=\"\">Facebook</a>, <a class=\"external-link\" href=\"https://www.instagram.com/camaradearcos/\" target=\"_self\" title=\"\">Instagram</a> e <a class=\"external-link\" href=\"https://www.youtube.com/c/C%C3%A2maraMunicipaldeArcos/streams\" target=\"_self\" title=\"\">YouTube</a>, a institui\u00e7\u00e3o estabelece uma rela\u00e7\u00e3o de maior proximidade com os cidad\u00e3os.</p>\r\n<p>As informa\u00e7\u00f5es referentes \u00e0s atividades do poder p\u00fablico s\u00e3o, por obriga\u00e7\u00e3o, p\u00fablicas - exceto nos casos expressos na Lei Federal n\u00ba 12.527/2011 - Lei de Acesso \u00e0 Informa\u00e7\u00e3o (LAI). <strong>A informa\u00e7\u00e3o sigilosa n\u00e3o \u00e9 regra, mas exce\u00e7\u00e3o.</strong></p>\r\n</th></tr>\r\n<tr><th>\r\n<h4><strong>Quem pode trabalhar na C\u00e2mara?</strong></h4>\r\n<p><span>Qualquer pessoa pode trabalhar na C\u00e2mara desde que aprovada em concurso p\u00fablico para os cargos efetivos ou nomeada diretamente pelo presidente da institui\u00e7\u00e3o para os cargos comissionados; de acordo com os requisitos, exig\u00eancias e a disponibilidade dos cargos em quest\u00e3o.</span></p>\r\n</th></tr>\r\n</tbody>\r\n</table>", "author_name": "C\u00e2mara Arcos", "version": "1.0", "author_url": "https://www.arcos.mg.leg.br/author/C\u00e2mara Arcos", "provider_name": "C\u00e2mara Municipal de Arcos", "type": "rich"}