{"provider_url": "https://www.arcos.mg.leg.br", "title": "CONCURSO P\u00daBLICO N\u00ba 001/2019", "html": "<h3><a title=\"\" href=\"https://www.arcos.mg.leg.br/institucional/concursos/2019/edital-concurso-arcos.pdf\" class=\"internal-link\" target=\"_self\">Edital n\u00ba 01/2019</a><br /><a title=\"\" href=\"https://www.arcos.mg.leg.br/institucional/concursos/2019/edital-de-retificacao-n-01-2019.pdf\" class=\"internal-link\" target=\"_self\"> Retifica\u00e7\u00e3o n\u00ba 01/2019</a><br /><a title=\"\" href=\"https://www.arcos.mg.leg.br/institucional/concursos/2019/retificacao-n-02-1.pdf\" class=\"internal-link\" target=\"_self\"> Retifica\u00e7\u00e3o n\u00ba 02/2020</a><br /><a title=\"\" href=\"https://www.arcos.mg.leg.br/institucional/concursos/2019/edital-concurso-retificacao-n022020.pdf\" class=\"internal-link\" target=\"_self\"> Edital n\u00ba 02 - retificado</a><br /><a title=\"\" href=\"https://www.arcos.mg.leg.br/institucional/concursos/2019/edital-isencao-deferido-preliminar-977.pdf\" class=\"internal-link\" target=\"_self\"> An\u00e1lise preliminar dos pedidos de isen\u00e7\u00e3o - deferidos</a><br /><a title=\"\" href=\"https://www.arcos.mg.leg.br/institucional/concursos/2019/camara-de-arcos-isencao-indeferido-definitivo-1.pdf\" class=\"internal-link\" target=\"_self\"> An\u00e1lise preliminar dos pedidos de isen\u00e7\u00e3o - indeferidos</a><br /><a title=\"\" href=\"https://www.arcos.mg.leg.br/institucional/concursos/2019/camara-de-arcos-isencao-deferido-definitivo-1.pdf\" class=\"internal-link\" target=\"_self\"> An\u00e1lise definitiva dos pedidos de isen\u00e7\u00e3o - deferidos</a><br /><a title=\"\" href=\"https://www.arcos.mg.leg.br/institucional/concursos/2019/camara-de-arcos-isencao-indeferido-definitivo-1.pdf\" class=\"internal-link\" target=\"_self\"> An\u00e1lise definitiva dos pedidos de isen\u00e7\u00e3o - indeferidos</a><br /><a title=\"\" href=\"https://www.arcos.mg.leg.br/institucional/concursos/2019/analise-preliminar-pessoas-com-deficiencia.pdf\" class=\"internal-link\" target=\"_self\"> An\u00e1lise preliminar dos pedidos de concorr\u00eancia \u00e0 reserva de vagas para pessoas com defici\u00eancia</a><br /><a title=\"\" href=\"https://www.arcos.mg.leg.br/institucional/concursos/2019/analise-preliminar-de-atendimentos-especias.pdf\" class=\"internal-link\" target=\"_self\"> An\u00e1lise preliminar dos pedidos de atendimentos especiais</a><br /><a title=\"\" href=\"https://www.arcos.mg.leg.br/institucional/concursos/2019/edital-de-homologacao-inscricoes.pdf\" class=\"internal-link\" target=\"_self\"> Edital preliminar de homologa\u00e7\u00e3o de inscri\u00e7\u00f5es</a><br /><a title=\"\" href=\"https://www.arcos.mg.leg.br/institucional/concursos/2019/concurso.pdf\" class=\"internal-link\" target=\"_self\"> COMUNICADO - ADIAMENTO DAS PROVAS</a><br /><a title=\"\" href=\"https://www.arcos.mg.leg.br/institucional/concursos/2019/retificacao-n-03.pdf\" class=\"internal-link\" target=\"_self\"> Retifica\u00e7\u00e3o n\u00ba 03/2020</a><br /><a title=\"\" href=\"https://www.arcos.mg.leg.br/institucional/concursos/2019/camara-municipal-de-arcos.pdf\" class=\"internal-link\" target=\"_self\"> NORMAS DE BIOSSEGURAN\u00c7A PARA APLICA\u00c7\u00c3O DAS PROVAS</a><br /><a title=\"\" href=\"https://www.arcos.mg.leg.br/institucional/concursos/2019/977-camara-de-arcos-resultado-preliminar-prova-objetiva-2020-11-18.pdf\" class=\"internal-link\" target=\"_self\"> Resultado preliminar prova objetiva</a><br /><a title=\"\" href=\"https://www.arcos.mg.leg.br/institucional/concursos/2019/resultado-definitivo-objetiva.pdf\" class=\"internal-link\" target=\"_self\"> Resultado definitivo prova objetiva</a><br /><a title=\"\" href=\"https://www.arcos.mg.leg.br/institucional/concursos/2019/resultado-preliminar-discursiva.pdf\" class=\"internal-link\" target=\"_self\"> Resultado preliminar prova discursiva</a><br /><a title=\"\" href=\"https://www.arcos.mg.leg.br/institucional/concursos/2019/camara-de-arcos-resultado-definitivo-prova-discursiva-2020-12-14.pdf\" class=\"internal-link\" target=\"_self\"> Resultado definitivo prova discursiva</a><br /><a title=\"\" href=\"https://www.arcos.mg.leg.br/institucional/concursos/2019/camara-de-arcos-resultado-final-de-aprovados-discursiva-2020-12-14.pdf\" class=\"internal-link\" target=\"_self\"> Resultado final de aprovados prova discursiva</a><br /><a title=\"\" href=\"https://www.arcos.mg.leg.br/institucional/concursos/2019/14176a6e72c80216a25fc5355400c555.pdf\" class=\"internal-link\" target=\"_self\"> Homologa\u00e7\u00e3o concurso C\u00e2mara Municipal de Arcos/MG</a><br /><a title=\"\" href=\"https://www.arcos.mg.leg.br/institucional/concursos/2019/edital-de-convocacao-concurso-2020-advogado-da-mesa-diretora-2.pdf\" class=\"internal-link\" target=\"_self\"> Edital de convoca\u00e7\u00e3o cargo advogado da Mesa</a><br /><a title=\"\" href=\"https://www.arcos.mg.leg.br/institucional/concursos/2019/edital-de-convocacao-concurso-2020.pdf\" class=\"internal-link\" target=\"_self\"> Edital de convoca\u00e7\u00e3o demais cargos</a><br /><a title=\"\" href=\"https://www.arcos.mg.leg.br/institucional/concursos/2019/edital-de-convocacao-concurso-2020-advogado-da-mesa-diretora-1.pdf\" class=\"internal-link\" target=\"_self\">Edital de convoca\u00e7\u00e3o cargo advogado da Mesa</a><br /><a title=\"\" href=\"https://www.arcos.mg.leg.br/institucional/concursos/2019/edital-de-convocacao-concurso-2020-advogado-da-mesa-diretora.pdf\" class=\"internal-link\" target=\"_self\"> Edital de convoca\u00e7\u00e3o cargo advogado da Mesa</a></h3>", "author_name": "", "version": "1.0", "author_url": "https://www.arcos.mg.leg.br/author/patriciaproenca", "provider_name": "C\u00e2mara Municipal de Arcos", "type": "rich"}