{"provider_url": "https://www.arcos.mg.leg.br", "title": "Acesso \u00e0 informa\u00e7\u00e3o", "html": "<p><a title=\"\" href=\"https://www.arcos.mg.leg.br/e-sac-1/e-sac\" class=\"external-link\" target=\"_self\"><img src=\"https://www.arcos.mg.leg.br/imagens/CpiadeCpiadeDesignsemnome1.png/@@images/6afded37-4361-41b4-9b2c-ec0128e497ec.png\" style=\"float: right; \" title=\"\" class=\"image-inline\" alt=\"\" /></a></p>\r\n<p style=\"text-align: left; \"><a title=\"\" href=\"https://www.arcos.mg.leg.br/e-sac-1/e-sac\" class=\"external-link\" target=\"_self\"><img src=\"https://www.arcos.mg.leg.br/imagens/CpiadeCpiadeDesignsemnome.png/@@images/beb630b2-019c-4333-a5bb-5412c27546ba.png\" alt=\"\" class=\"image-inline\" title=\"\" />\u00a0</a></p>\r\n<p>Qualquer pessoa pode solicitar o acesso \u00e0 informa\u00e7\u00e3o p\u00fablica sobre a C\u00e2mara Municipal de Arcos atrav\u00e9s do e-Sac - Servi\u00e7o de Atendimento ao Cidad\u00e3o.</p>\r\n<p>N\u00e3o ser\u00e3o respondidas quest\u00f5es relacionadas aos poderes Executivo e Judici\u00e1rio, nem \u00e0s esferas estadual e federal. Tamb\u00e9m n\u00e3o ser\u00e3o processadas as solicita\u00e7\u00f5es gen\u00e9ricas, de ordem pessoal ou que contenham amea\u00e7as, insultos e express\u00f5es de baixo cal\u00e3o.</p>\r\n<p>Caso queira acompanhar o andamento e receber respostas para sua manifesta\u00e7\u00e3o, por favor identifique-se. A C\u00e2mara Municipal de Arcos reafirma o seu compromisso na garantia da prote\u00e7\u00e3o de sua identidade, que inclui o n\u00e3o registro do endere\u00e7o eletr\u00f4nico - IP. No entanto, as manifesta\u00e7\u00f5es registradas de maneira an\u00f4nima n\u00e3o possibilitam acompanhamento posterior.</p>\r\n<p>Para registro e atendimento da demanda \u00e9 necess\u00e1rio autorizar a coleta de alguns dos seus dados pessoais pela institui\u00e7\u00e3o, em conson\u00e2ncia com a Lei Geral de Prote\u00e7\u00e3o de Dados - LGPD (Lei n\u00ba 13.709, de 2018). Esses dados ser\u00e3o utilizados para estabelecer a identifica\u00e7\u00e3o em atendimentos posteriores e na produ\u00e7\u00e3o de estat\u00edsticas sobre os nossos servi\u00e7os. Estas informa\u00e7\u00f5es tamb\u00e9m poder\u00e3o ser transferidas para um gabinete parlamentar, caso seja necess\u00e1rio.</p>\r\n<p>As demandas de pedidos de acesso \u00e0 informa\u00e7\u00e3o podem ser feitas das seguintes formas:</p>\r\n<p>- Pelo site,\u00a0clicando no\u00a0<a title=\"\" href=\"https://www.arcos.mg.leg.br/e-sac-1/e-sac\" class=\"external-link\" target=\"_self\">banner acima.</a></p>\r\n<p>- Atrav\u00e9s do e-mail\u00a0<strong>comunicacao@camaraarcos.mg.gov.br</strong></p>\r\n<p>- Pelo telefone\u00a0<strong>(37) 3351 3422</strong></p>\r\n<p>- Na sede da C\u00e2mara Municipal, de segunda a sexta-feira, das 12h \u00e0s 18h, no Departamento de Comunica\u00e7\u00e3o Social. Rua Vinte e Cinco de Dezembro, 760, Centro. Arcos / MG.</p>\r\n<p>\u00a0</p>\r\n<p class=\" \"><strong>RELAT\u00d3RIOS ESTAT\u00cdSTICOS:<br /></strong></p>\r\n<p class=\" \"><a title=\"\" href=\"https://www.arcos.mg.leg.br/e-sac-1/relatorio-e-sac-2025.pdf\" class=\"internal-link\" target=\"_blank\">- Relat\u00f3rio Estat\u00edstico 2025</a></p>\r\n<p class=\" \">\u00a0</p>\r\n<p class=\" \"><span>O acesso \u00e0 informa\u00e7\u00e3o p\u00fablica na C\u00e2mara Municipal de Arcos \u00e9 regulamentado pela <a title=\"\" href=\"https://www.arcos.mg.leg.br/e-sac-1/resolucao-889.pdf\" class=\"internal-link\" target=\"_blank\">Resolu\u00e7\u00e3o N\u00ba 889</a>.</span></p>\r\n<p class=\" \">\u00a0</p>\r\n<p><span><br /></span></p>", "author_name": "", "version": "1.0", "author_url": "https://www.arcos.mg.leg.br/author/patriciaproenca", "provider_name": "C\u00e2mara Municipal de Arcos", "type": "rich"}